{"id":4098,"date":"2019-09-05T08:36:35","date_gmt":"2019-09-05T11:36:35","guid":{"rendered":"https:\/\/blogs2.correiobraziliense.com.br\/denise\/?p=4098"},"modified":"2019-09-05T08:40:52","modified_gmt":"2019-09-05T11:40:52","slug":"oposicao-consegue-o-controle-da-cpi-das-fake-news","status":"publish","type":"post","link":"https:\/\/blogs2.correiobraziliense.com.br\/denise\/oposicao-consegue-o-controle-da-cpi-das-fake-news\/","title":{"rendered":"Oposi\u00e7\u00e3o consegue o controle da CPI das Fake News"},"content":{"rendered":"<h6><strong>Coluna Bras\u00edlia-DF<\/strong><\/h6>\n<p>Partidos de oposi\u00e7\u00e3o ao presidente Jair Bolsonaro conseguiram controle total sobre a CPI das Fake News, uma investiga\u00e7\u00e3o que promete chamar a aten\u00e7\u00e3o nos pr\u00f3ximos meses e colocar em xeque muitas contas que dispararam not\u00edcias falsas nas redes sociais. Alexandre Leite (DEM-SP), de primeiro mandato, queria a presid\u00eancia ou a relatoria, mas, na \u00faltima hora, ficou sem as duas.<\/p>\n<p>O governo n\u00e3o queria a CPMI e, quando tentou se organizar para controlar a comiss\u00e3o, terminou surpreendido. Os oposicionistas viram na escolha do presidente, \u00c2ngelo Coronel (PSD-BA), e da relatora, L\u00eddice de Mata (PSB-BA), sua maior vit\u00f3ria at\u00e9 o momento no Parlamento. \u00c9 ali que pretendem apostar todas as suas fichas.<\/p>\n<h2><strong>O \u201cesquenta\u201d para a ONU<\/strong><\/h2>\n<p>As declara\u00e7\u00f5es do presidente Jair Bolsonaro, a respeito da alta comiss\u00e1ria de Direitos Humanos da ONU, Michelle Bachelet, fez crescer o desconforto para a abertura da Assembleia Geral da ONU, em 24 de setembro. A expectativa \u00e9 de que haja um aumento do n\u00famero de chefes de Estado cr\u00edticos ao Brasil em seus discursos.<\/p>\n<h2><strong>Pegou pesado<\/strong><\/h2>\n<p>O fato de at\u00e9 o atual presidente do Chile, Sebasti\u00e1n Pi\u00f1era, criticar as declara\u00e7\u00f5es de Bolsonaro mostra que o presidente brasileiro extrapolou e que isso pode trazer mais preju\u00edzos pol\u00edticos e econ\u00f4micos ao Brasil nos jogos globais.<\/p>\n<h2><strong>Paralela sob risco<\/strong><\/h2>\n<p>Apesar de aprovada na Comiss\u00e3o de Constitui\u00e7\u00e3o e Justi\u00e7a do Senado, as apostas em torno da proposta de emenda constitucional (PEC) paralela \u00e0 reforma previdenci\u00e1ria est\u00e3o em baixa na C\u00e2mara. \u00c9 que, no ano que vem, pr\u00f3ximo da elei\u00e7\u00e3o, n\u00e3o d\u00e1 para discutir um tema t\u00e3o indigesto.<\/p>\n<h2><strong>A CPI das criptomoedas vem a\u00ed<\/strong><\/h2>\n<p>O deputado \u00c1ureo Ribeiro (SD-RJ) entra hoje com o pedido de uma comiss\u00e3o parlamentar de inqu\u00e9rito para investigar as negocia\u00e7\u00f5es de criptomoedas. \u201cMaterial n\u00e3o falta e as empresas que lidam com isso precisam explicar. Vamos chamar todo mundo para entender o que est\u00e1 acontecendo nesse mercado\u201d, diz o deputado.<\/p>\n<h2><strong>Faz sentido<\/strong><\/h2>\n<p>Empresas desse setor est\u00e3o sob investiga\u00e7\u00e3o da Comiss\u00e3o de Valores Mobili\u00e1rios (CVM). Elas s\u00e3o suspeitas de praticar fraude e de montar esquemas de pir\u00e2mide, que ocorrem quando apenas os primeiros \u00e9 que recebem o prometido retorno f\u00e1cil e os demais n\u00e3o conseguem.<\/p>\n<h2><strong><em>CURTIDAS<\/em><\/strong><\/h2>\n<p><strong>Apelou, perdeu I\/<\/strong> Causou desconforto a integrantes do Minist\u00e9rio P\u00fablico a proposta da associa\u00e7\u00e3o da classe, de recusar nomea\u00e7\u00f5es fora da lista tr\u00edplice. For\u00e7ar a aceita\u00e7\u00e3o da lista, dizem alguns, \u00e9 querer se sobrepor \u00e0 Constitui\u00e7\u00e3o.<\/p>\n<p><strong>Apelou, perdeu II\/<\/strong> A lista e a escolha de um entre os tr\u00eas indicados n\u00e3o est\u00e1 prevista na Constitui\u00e7\u00e3o. E um dos deveres do Minist\u00e9rio P\u00fablico \u00e9 zelar pelo cumprimento dos preceitos constitucionais.<\/p>\n<p><strong>F\u00e9rias do barulho\/<\/strong> A redu\u00e7\u00e3o de recursos da Justi\u00e7a (e por tabela da Pol\u00edcia Federal) e as f\u00e9rias do diretor-geral da PF, Maur\u00edcio Valeixo, v\u00e3o manter S\u00e9rgio Moro na linha das especula\u00e7\u00f5es de mais enfraquecimento, apesar dos elogios que recebeu de Bolsonaro dia desses.<\/p>\n<p><strong>Enquanto isso, na oposi\u00e7\u00e3o\/<\/strong> Diz o deputado Reginaldo Lopes (PT- MG) que, entre os oposicionistas, segue a m\u00e1xima da \u201credu\u00e7\u00e3o de danos\u201d das reformas. \u201cComo somos minoria, \u00e9 o que nos cabe nesse momento\u201d, diz.<\/p>\n","protected":false},"excerpt":{"rendered":"<p>Coluna Bras\u00edlia-DF Partidos de oposi\u00e7\u00e3o ao presidente Jair Bolsonaro conseguiram controle total sobre a CPI das Fake News, uma investiga\u00e7\u00e3o que promete chamar a aten\u00e7\u00e3o nos pr\u00f3ximos meses e colocar em xeque muitas contas que dispararam not\u00edcias falsas nas redes sociais. Alexandre Leite (DEM-SP), de primeiro mandato, queria a presid\u00eancia ou a relatoria, mas, na [&hellip;]<\/p>\n","protected":false},"author":29,"featured_media":4100,"comment_status":"closed","ping_status":"closed","sticky":false,"template":"","format":"standard","meta":{"wpb_read_more":[],"footnotes":""},"categories":[4],"tags":[],"class_list":["post-4098","post","type-post","status-publish","format-standard","has-post-thumbnail","hentry","category-coluna-brasilia-df"],"_links":{"self":[{"href":"https:\/\/blogs2.correiobraziliense.com.br\/denise\/wp-json\/wp\/v2\/posts\/4098","targetHints":{"allow":["GET"]}}],"collection":[{"href":"https:\/\/blogs2.correiobraziliense.com.br\/denise\/wp-json\/wp\/v2\/posts"}],"about":[{"href":"https:\/\/blogs2.correiobraziliense.com.br\/denise\/wp-json\/wp\/v2\/types\/post"}],"author":[{"embeddable":true,"href":"https:\/\/blogs2.correiobraziliense.com.br\/denise\/wp-json\/wp\/v2\/users\/29"}],"replies":[{"embeddable":true,"href":"https:\/\/blogs2.correiobraziliense.com.br\/denise\/wp-json\/wp\/v2\/comments?post=4098"}],"version-history":[{"count":2,"href":"https:\/\/blogs2.correiobraziliense.com.br\/denise\/wp-json\/wp\/v2\/posts\/4098\/revisions"}],"predecessor-version":[{"id":4104,"href":"https:\/\/blogs2.correiobraziliense.com.br\/denise\/wp-json\/wp\/v2\/posts\/4098\/revisions\/4104"}],"wp:featuredmedia":[{"embeddable":true,"href":"https:\/\/blogs2.correiobraziliense.com.br\/denise\/wp-json\/wp\/v2\/media\/4100"}],"wp:attachment":[{"href":"https:\/\/blogs2.correiobraziliense.com.br\/denise\/wp-json\/wp\/v2\/media?parent=4098"}],"wp:term":[{"taxonomy":"category","embeddable":true,"href":"https:\/\/blogs2.correiobraziliense.com.br\/denise\/wp-json\/wp\/v2\/categories?post=4098"},{"taxonomy":"post_tag","embeddable":true,"href":"https:\/\/blogs2.correiobraziliense.com.br\/denise\/wp-json\/wp\/v2\/tags?post=4098"}],"curies":[{"name":"wp","href":"https:\/\/api.w.org\/{rel}","templated":true}]}}