{"id":4099,"date":"2019-09-05T08:40:47","date_gmt":"2019-09-05T11:40:47","guid":{"rendered":"https:\/\/blogs2.correiobraziliense.com.br\/denise\/?p=4099"},"modified":"2019-09-05T08:40:47","modified_gmt":"2019-09-05T11:40:47","slug":"a-cpi-das-criptomoedas-vem-ai","status":"publish","type":"post","link":"https:\/\/blogs2.correiobraziliense.com.br\/denise\/a-cpi-das-criptomoedas-vem-ai\/","title":{"rendered":"A CPI das criptomoedas vem a\u00ed"},"content":{"rendered":"<h6>Coluna Bras\u00edlia-DF<\/h6>\n<p>O deputado \u00c1ureo Ribeiro (SD-RJ) entra hoje com o pedido de uma comiss\u00e3o parlamentar de inqu\u00e9rito para investigar as negocia\u00e7\u00f5es de criptomoedas. \u201cMaterial n\u00e3o falta e as empresas que lidam com isso precisam explicar. Vamos chamar todo mundo para entender o que est\u00e1 acontecendo nesse mercado\u201d, diz o deputado.<\/p>\n<h2>\n<strong>Faz sentido<\/strong><\/h2>\n<p>Empresas desse setor est\u00e3o sob investiga\u00e7\u00e3o da Comiss\u00e3o de Valores Mobili\u00e1rios (CVM). Elas s\u00e3o suspeitas de praticar fraude e de montar esquemas de pir\u00e2mide, que ocorrem quando apenas os primeiros \u00e9 que recebem o prometido retorno f\u00e1cil e os demais n\u00e3o conseguem.<\/p>\n","protected":false},"excerpt":{"rendered":"<p>Coluna Bras\u00edlia-DF O deputado \u00c1ureo Ribeiro (SD-RJ) entra hoje com o pedido de uma comiss\u00e3o parlamentar de inqu\u00e9rito para investigar as negocia\u00e7\u00f5es de criptomoedas. \u201cMaterial n\u00e3o falta e as empresas que lidam com isso precisam explicar. Vamos chamar todo mundo para entender o que est\u00e1 acontecendo nesse mercado\u201d, diz o deputado. Faz sentido Empresas desse [&hellip;]<\/p>\n","protected":false},"author":29,"featured_media":4102,"comment_status":"closed","ping_status":"closed","sticky":false,"template":"","format":"standard","meta":{"wpb_read_more":[],"footnotes":""},"categories":[4],"tags":[],"class_list":["post-4099","post","type-post","status-publish","format-standard","has-post-thumbnail","hentry","category-coluna-brasilia-df"],"_links":{"self":[{"href":"https:\/\/blogs2.correiobraziliense.com.br\/denise\/wp-json\/wp\/v2\/posts\/4099","targetHints":{"allow":["GET"]}}],"collection":[{"href":"https:\/\/blogs2.correiobraziliense.com.br\/denise\/wp-json\/wp\/v2\/posts"}],"about":[{"href":"https:\/\/blogs2.correiobraziliense.com.br\/denise\/wp-json\/wp\/v2\/types\/post"}],"author":[{"embeddable":true,"href":"https:\/\/blogs2.correiobraziliense.com.br\/denise\/wp-json\/wp\/v2\/users\/29"}],"replies":[{"embeddable":true,"href":"https:\/\/blogs2.correiobraziliense.com.br\/denise\/wp-json\/wp\/v2\/comments?post=4099"}],"version-history":[{"count":1,"href":"https:\/\/blogs2.correiobraziliense.com.br\/denise\/wp-json\/wp\/v2\/posts\/4099\/revisions"}],"predecessor-version":[{"id":4103,"href":"https:\/\/blogs2.correiobraziliense.com.br\/denise\/wp-json\/wp\/v2\/posts\/4099\/revisions\/4103"}],"wp:featuredmedia":[{"embeddable":true,"href":"https:\/\/blogs2.correiobraziliense.com.br\/denise\/wp-json\/wp\/v2\/media\/4102"}],"wp:attachment":[{"href":"https:\/\/blogs2.correiobraziliense.com.br\/denise\/wp-json\/wp\/v2\/media?parent=4099"}],"wp:term":[{"taxonomy":"category","embeddable":true,"href":"https:\/\/blogs2.correiobraziliense.com.br\/denise\/wp-json\/wp\/v2\/categories?post=4099"},{"taxonomy":"post_tag","embeddable":true,"href":"https:\/\/blogs2.correiobraziliense.com.br\/denise\/wp-json\/wp\/v2\/tags?post=4099"}],"curies":[{"name":"wp","href":"https:\/\/api.w.org\/{rel}","templated":true}]}}