{"id":4107,"date":"2019-09-06T08:19:11","date_gmt":"2019-09-06T11:19:11","guid":{"rendered":"https:\/\/blogs2.correiobraziliense.com.br\/denise\/?p=4107"},"modified":"2019-09-06T08:28:29","modified_gmt":"2019-09-06T11:28:29","slug":"a-primeira-missao-de-aras-sera-pacificar-o-mp","status":"publish","type":"post","link":"https:\/\/blogs2.correiobraziliense.com.br\/denise\/a-primeira-missao-de-aras-sera-pacificar-o-mp\/","title":{"rendered":"A primeira miss\u00e3o de Aras ser\u00e1 pacificar o MP"},"content":{"rendered":"<h6><strong>Coluna Bras\u00edlia-DF<\/strong><\/h6>\n<p>O futuro procurador-geral da Rep\u00fablica, Augusto Aras, come\u00e7ou a trabalhar a pacifica\u00e7\u00e3o do Minist\u00e9rio P\u00fablico e a montar equipe. Para a secretaria-geral da PGR, o nome cotado \u00e9 o do subprocurador aposentado Eitel Santiago, que j\u00e1 havia sido, inclusive, anunciado por Aras em entrevista. Santiago ainda n\u00e3o foi oficialmente convidado, mas disse \u00e0 coluna que chega a Bras\u00edlia no s\u00e1bado para conversar com Aras.<\/p>\n<p>\u00bb \u00bb \u00bb<\/p>\n<p>\u201cA briga interna \u00e9 fruto da disputa da lista, esse foi o erro. Cabe ao Minist\u00e9rio P\u00fablico cumprir seu dever constitucional. Est\u00e1 na hora de pacificar\u201d, diz Santiago, citando dois grandes procuradores que n\u00e3o foram escolhidos por listas: Sep\u00falveda Pertence e Aristides Junqueira. \u201cAras, tenho certeza, defender\u00e1 a Constitui\u00e7\u00e3o\u201d.<\/p>\n<h2><strong><em>CURTIDAS<\/em><\/strong><\/h2>\n<p><strong>A derrocada dos \u201cTuiui\u00fas\u201d I\/<\/strong> T\u00e3o logo o Planalto confirmou o nome de Aras como o novo procurador-geral da Rep\u00fablica, os bastidores da sede da Procuradoria decretava que os \u201ctuiui\u00fas\u201d realmente ter\u00e3o que buscar outro pouso. As conversas reservadas se referiam ao grupo que ascendeu ao poder em 2003, quando o ent\u00e3o presidente Lula decidiu respeitar a lista tr\u00edplice.<\/p>\n<p><strong>A derrocada dos \u201cTuiui\u00fas\u201d II\/<\/strong> \u201cTuiui\u00fas\u201d \u00e9 o apelido do grupo de procuradores que, cansado das recondu\u00e7\u00f5es de Geraldo Brindeiro, decidiu criar a lista tr\u00edplice. Eles mesmos se deram esse apelido porque, consideravam que o Tuiui\u00fa n\u00e3o voava alto. Em 2001, n\u00e3o deu certo, porque Fernando Henrique Cardoso reconduziu Brindeiro mais uma vez.<\/p>\n<p><strong>A derrocada dos Tuiui\u00fas III\/<\/strong> Em 2003, funcionou, e Lula escolheu o primeiro da lista, Cl\u00e1udio Fonteles. Agora, Jair Bolsonaro acaba com o grupo que chegou ao poder depois de constar nas listas.<\/p>\n<p><strong>Procurador \u201cmelancia\u201d?\/<\/strong> O nome de Aras j\u00e1 havia sido cogitado para a PGR no governo petista, pelos baianos ligados ao senador Jaques Wagner. Por\u00e9m, Bolsonaro n\u00e3o se incomodou com isso. Ele afirmou, num evento, que \u201cse estou apanhando, \u00e9 porque escolhi certo\u201d.<\/p>\n<h2><strong>Abuso no discurso<\/strong><\/h2>\n<p>Os vetos \u00e0 Lei de Abuso de Autoridade, dizem alguns, dar\u00e3o ao presidente Jair Bolsonaro a possibilidade de ter uma sa\u00edda honrosa, caso os congressistas n\u00e3o aprovem o nome do deputado Eduardo Bolsonaro para embaixador em Washington. Sempre poder\u00e1 dizer que Eduardo n\u00e3o foi aprovado por causa daqueles que t\u00eam medo da Lava-Jato. N\u00e3o seria o fato, mas, entre os governistas, valer\u00e1 a vers\u00e3o.<\/p>\n<h2><strong>Vai sobrar para o Congresso<\/strong><\/h2>\n<p>A aposta dentro do pr\u00f3prio governo \u00e9 a de que o Congresso pode conseguir os votos para derrubar os vetos. Por\u00e9m, n\u00e3o sem desgaste pol\u00edtico. Mais uma vez, o presidente se preservou e deixou para os congressistas o gosto amargo de derrubar vetos que s\u00e3o vistos pela popula\u00e7\u00e3o como forma de amenizar as amarras \u00e0 Lava-Jato.<\/p>\n<h2><strong>Ficou para depois<\/strong><\/h2>\n<p>O adiamento do lan\u00e7amento do Projeto Nordeste esta semana foi visto como mais uma desfeita do presidente Jair Bolsonaro aos nordestinos. A justificativa inicial tinha sido a prepara\u00e7\u00e3o para a cirurgia que far\u00e1 em breve. Por\u00e9m, pela agenda cheia que se viu no Planalto nesta quinta-feira, n\u00e3o sobrou espa\u00e7o mesmo. Agora, s\u00f3 no final de setembro, depois da viagem \u00e0 ONU.<\/p>\n<h2><strong>Enquanto isso, nos canaviais nordestinos\u2026<\/strong><\/h2>\n<p>Continua a novela por causa do aumento da quota de importa\u00e7\u00e3o de etanol de milho dos Estados Unidos sem tarifa. Os americanos acenam com uma compensa\u00e7\u00e3o, aumentando a importa\u00e7\u00e3o de a\u00e7\u00facar brasileiro, mas, por enquanto, os produtores n\u00e3o est\u00e3o satisfeitos. Assim, <a href=\"https:\/\/blogs2.correiobraziliense.com.br\/denise\/portaria-de-importacao-de-milho-dos-eua-ameaca-cargo-de-embaixador-de-eduardo\/\">a press\u00e3o deles sobre os parlamentares continua<\/a>. E, sabe como \u00e9, quanto mais perto da elei\u00e7\u00e3o, mais os produtores t\u00eam influ\u00eancia sobre os votos no Congresso.<\/p>\n","protected":false},"excerpt":{"rendered":"<p>Coluna Bras\u00edlia-DF O futuro procurador-geral da Rep\u00fablica, Augusto Aras, come\u00e7ou a trabalhar a pacifica\u00e7\u00e3o do Minist\u00e9rio P\u00fablico e a montar equipe. Para a secretaria-geral da PGR, o nome cotado \u00e9 o do subprocurador aposentado Eitel Santiago, que j\u00e1 havia sido, inclusive, anunciado por Aras em entrevista. Santiago ainda n\u00e3o foi oficialmente convidado, mas disse \u00e0 [&hellip;]<\/p>\n","protected":false},"author":29,"featured_media":4108,"comment_status":"closed","ping_status":"closed","sticky":false,"template":"","format":"standard","meta":{"wpb_read_more":[],"footnotes":""},"categories":[4],"tags":[],"class_list":["post-4107","post","type-post","status-publish","format-standard","has-post-thumbnail","hentry","category-coluna-brasilia-df"],"_links":{"self":[{"href":"https:\/\/blogs2.correiobraziliense.com.br\/denise\/wp-json\/wp\/v2\/posts\/4107","targetHints":{"allow":["GET"]}}],"collection":[{"href":"https:\/\/blogs2.correiobraziliense.com.br\/denise\/wp-json\/wp\/v2\/posts"}],"about":[{"href":"https:\/\/blogs2.correiobraziliense.com.br\/denise\/wp-json\/wp\/v2\/types\/post"}],"author":[{"embeddable":true,"href":"https:\/\/blogs2.correiobraziliense.com.br\/denise\/wp-json\/wp\/v2\/users\/29"}],"replies":[{"embeddable":true,"href":"https:\/\/blogs2.correiobraziliense.com.br\/denise\/wp-json\/wp\/v2\/comments?post=4107"}],"version-history":[{"count":3,"href":"https:\/\/blogs2.correiobraziliense.com.br\/denise\/wp-json\/wp\/v2\/posts\/4107\/revisions"}],"predecessor-version":[{"id":4111,"href":"https:\/\/blogs2.correiobraziliense.com.br\/denise\/wp-json\/wp\/v2\/posts\/4107\/revisions\/4111"}],"wp:featuredmedia":[{"embeddable":true,"href":"https:\/\/blogs2.correiobraziliense.com.br\/denise\/wp-json\/wp\/v2\/media\/4108"}],"wp:attachment":[{"href":"https:\/\/blogs2.correiobraziliense.com.br\/denise\/wp-json\/wp\/v2\/media?parent=4107"}],"wp:term":[{"taxonomy":"category","embeddable":true,"href":"https:\/\/blogs2.correiobraziliense.com.br\/denise\/wp-json\/wp\/v2\/categories?post=4107"},{"taxonomy":"post_tag","embeddable":true,"href":"https:\/\/blogs2.correiobraziliense.com.br\/denise\/wp-json\/wp\/v2\/tags?post=4107"}],"curies":[{"name":"wp","href":"https:\/\/api.w.org\/{rel}","templated":true}]}}