{"id":4112,"date":"2019-09-09T08:09:59","date_gmt":"2019-09-09T11:09:59","guid":{"rendered":"https:\/\/blogs2.correiobraziliense.com.br\/denise\/?p=4112"},"modified":"2019-09-09T08:09:59","modified_gmt":"2019-09-09T11:09:59","slug":"bolsonaro-aposta-na-aproximacao-com-as-pessoas-e-na-polarizacao-para-recuperar-popularidade","status":"publish","type":"post","link":"https:\/\/blogs2.correiobraziliense.com.br\/denise\/bolsonaro-aposta-na-aproximacao-com-as-pessoas-e-na-polarizacao-para-recuperar-popularidade\/","title":{"rendered":"Bolsonaro aposta na aproxima\u00e7\u00e3o com as pessoas e na polariza\u00e7\u00e3o para recuperar popularidade"},"content":{"rendered":"<h6><strong>Coluna Bras\u00edlia-DF<\/strong><\/h6>\n<p>O primeiro 7 de Setembro do governo de Jair Bolsonaro veio sob encomenda para se contrapor ao primeiro da era petista. Naquele setembro de 2003, a festa sob o comando do publicit\u00e1rio Duda Mendon\u00e7a, idealizador da transfer\u00eancia da festa do QG do Ex\u00e9rcito, para a Esplanada dos Minist\u00e9rios, mostrou um presidente longe do p\u00fablico, que olhava o rel\u00f3gio e n\u00e3o se mostrava feliz. Lula at\u00e9 havia cogitado se aproximar das arquibancadas, mas a seguran\u00e7a vetou. Bolsonaro, ao contr\u00e1rio, seguiu feliz para perto das pessoas. Alguns amigos dele diziam: \u201cpode pesquisar. O PT n\u00e3o fez nada disso, nunca\u201d. \u00c9 sinal de que o presidente apostar\u00e1 cada vez mais na polariza\u00e7\u00e3o.<\/p>\n<p>\u00bb \u00bb \u00bb<\/p>\n<p>Em conversas reservadas, aliados do presidente Jair Bolsonaro s\u00e3o un\u00e2nimes em afirmar que os gestos de proximidade com as pessoas, seja nas solenidades, seja na porta do Alvorada, s\u00e3o hoje priorit\u00e1rios para levar o capit\u00e3o a tentar recuperar a popularidade perdida por frases mal colocadas, indica\u00e7\u00f5es pol\u00eamicas para postos estrat\u00e9gicos, como a Embaixada do Brasil em Washington, e, de quebra, a demora na recupera\u00e7\u00e3o da economia.<\/p>\n<h2>\n<strong>Curva fechada \u00e0 frente<\/strong><\/h2>\n<p>A ideia do governo de s\u00f3 liberar emendas e cargos para deputados fi\u00e9is em todas as vota\u00e7\u00f5es amea\u00e7a travar o fluxo dos projetos de interesse do governo. \u00c9 que uma parte dos parlamentares est\u00e1 na linha do receber primeiro para votar depois.<\/p>\n<h2>\n<strong>Muita calma nesta hora<\/strong><\/h2>\n<p>A indica\u00e7\u00e3o oficial de Eduardo Bolsonaro ao cargo de embaixador em Washington s\u00f3 vir\u00e1 depois que baixar a poeira dos vetos \u00e0 Lei do Abuso de Autoridade e, de quebra, da indica\u00e7\u00e3o de Augusto Aras para a Procuradoria-Geral da Rep\u00fablica.<\/p>\n<h2>\n<strong>A guerra por recursos I<\/strong><\/h2>\n<p>Causou estranheza na Confedera\u00e7\u00e3o Nacional do Com\u00e9rcio (CNC) o corte de 20% nos recursos repassados ao Sistema S anunciado recentemente pelo governo. A CNC, que administra o Sesc e o Senac, afirma que n\u00e3o houve formaliza\u00e7\u00e3o de uma proposta de acordo nesse sentido at\u00e9 o momento. Mesmo se recuperando de uma cirurgia, o presidente da Confedera\u00e7\u00e3o, Jos\u00e9 Roberto Tadros\u2014com a diretoria da entidade\u2014tem mantido negocia\u00e7\u00f5es com o Governo para a condu\u00e7\u00e3o do tema.<\/p>\n<h2>\n<strong>A guerra por recursos II<\/strong><\/h2>\n<p>H\u00e1 menos de uma semana, o secret\u00e1rio Carlos da Costa mencionou o corte de 20% como parte de um acordo com as entidades do sistema S. A CNC n\u00e3o foi ouvida. Da cabe\u00e7a dos executivos, entretanto, n\u00e3o sai a frase de Paulo Guedes. Em 2018, ele disse, com todas as letras, em reuni\u00e3o na Firjan, que era preciso meter a faca nos recursos do Sistema S. Ao que tudo indica, assim como Bolsonaro, Guedes tamb\u00e9m gosta de cumprir o que anunciou.<\/p>\n<h2><em><strong>CURTIDAS<\/strong><\/em><\/h2>\n<p><strong>Os fantasmas de cada um\/<\/strong> Desde que Lula disputou a reelei\u00e7\u00e3o, em 2006, at\u00e9 a reelei\u00e7\u00e3o de Dilma Rousseff, oito anos depois, o PT jogou a popula\u00e7\u00e3o mais pobre num dilema do tipo \u201cou fica com a gente, ou adeus, bolsa fam\u00edlia\u201d. Guardadas as devidas propor\u00e7\u00f5es, Bolsonaro faz o mesmo ao dizer a seus eleitores meio descontentes algo na linha de \u201cou voc\u00eas ficam comigo, ou o PT volta\u201d.<\/p>\n<p><strong>Com quem Jair jogar\u00e1\/<\/strong> A presen\u00e7a do presidente do Senado, Davi Alcolumbre, no 7 de Setembro, e a aus\u00eancia do comandante da C\u00e2mara, Rodrigo Maia, deixou ao governo a certeza de quem contar com projetos futuros.<\/p>\n<p><strong>Por falar em DEM&#8230;\/<\/strong> O presidente do partido, ACM Neto, est\u00e1 com o pisca alerta ligado diante das divis\u00f5es internas. At\u00e9 aqui, trabalha com a independ\u00eancia formal da legenda em rela\u00e7\u00e3o ao governo. Por\u00e9m, h\u00e1 quem diga que, daqui a pouco, ter\u00e1 que tomar um rumo.<\/p>\n<p><strong>Semana de resguardo\/<\/strong> Os ministros planejam visitar o presidente no hospital na pr\u00f3xima quinta-feira, depois da cirurgia. Por\u00e9m, ser\u00e3o desaconselhados ao gesto. A primeira-dama, d. Michele, pretende evitar muito tr\u00e2nsito de visitantes, por causa do risco de infec\u00e7\u00e3o no per\u00edodo p\u00f3s-operat\u00f3rio. Afinal, cuidados nunca s\u00e3o demais. Hoje, uma videoconfer\u00eancia resolve.<\/p>\n","protected":false},"excerpt":{"rendered":"<p>Coluna Bras\u00edlia-DF O primeiro 7 de Setembro do governo de Jair Bolsonaro veio sob encomenda para se contrapor ao primeiro da era petista. Naquele setembro de 2003, a festa sob o comando do publicit\u00e1rio Duda Mendon\u00e7a, idealizador da transfer\u00eancia da festa do QG do Ex\u00e9rcito, para a Esplanada dos Minist\u00e9rios, mostrou um presidente longe do [&hellip;]<\/p>\n","protected":false},"author":29,"featured_media":4113,"comment_status":"closed","ping_status":"closed","sticky":false,"template":"","format":"standard","meta":{"wpb_read_more":[],"footnotes":""},"categories":[4],"tags":[],"class_list":["post-4112","post","type-post","status-publish","format-standard","has-post-thumbnail","hentry","category-coluna-brasilia-df"],"_links":{"self":[{"href":"https:\/\/blogs2.correiobraziliense.com.br\/denise\/wp-json\/wp\/v2\/posts\/4112","targetHints":{"allow":["GET"]}}],"collection":[{"href":"https:\/\/blogs2.correiobraziliense.com.br\/denise\/wp-json\/wp\/v2\/posts"}],"about":[{"href":"https:\/\/blogs2.correiobraziliense.com.br\/denise\/wp-json\/wp\/v2\/types\/post"}],"author":[{"embeddable":true,"href":"https:\/\/blogs2.correiobraziliense.com.br\/denise\/wp-json\/wp\/v2\/users\/29"}],"replies":[{"embeddable":true,"href":"https:\/\/blogs2.correiobraziliense.com.br\/denise\/wp-json\/wp\/v2\/comments?post=4112"}],"version-history":[{"count":1,"href":"https:\/\/blogs2.correiobraziliense.com.br\/denise\/wp-json\/wp\/v2\/posts\/4112\/revisions"}],"predecessor-version":[{"id":4114,"href":"https:\/\/blogs2.correiobraziliense.com.br\/denise\/wp-json\/wp\/v2\/posts\/4112\/revisions\/4114"}],"wp:featuredmedia":[{"embeddable":true,"href":"https:\/\/blogs2.correiobraziliense.com.br\/denise\/wp-json\/wp\/v2\/media\/4113"}],"wp:attachment":[{"href":"https:\/\/blogs2.correiobraziliense.com.br\/denise\/wp-json\/wp\/v2\/media?parent=4112"}],"wp:term":[{"taxonomy":"category","embeddable":true,"href":"https:\/\/blogs2.correiobraziliense.com.br\/denise\/wp-json\/wp\/v2\/categories?post=4112"},{"taxonomy":"post_tag","embeddable":true,"href":"https:\/\/blogs2.correiobraziliense.com.br\/denise\/wp-json\/wp\/v2\/tags?post=4112"}],"curies":[{"name":"wp","href":"https:\/\/api.w.org\/{rel}","templated":true}]}}