{"id":4115,"date":"2019-09-10T08:17:39","date_gmt":"2019-09-10T11:17:39","guid":{"rendered":"https:\/\/blogs2.correiobraziliense.com.br\/denise\/?p=4115"},"modified":"2019-09-10T08:17:39","modified_gmt":"2019-09-10T11:17:39","slug":"falta-de-emendas-fez-alcolumbre-desistir-de-votar-previdencia","status":"publish","type":"post","link":"https:\/\/blogs2.correiobraziliense.com.br\/denise\/falta-de-emendas-fez-alcolumbre-desistir-de-votar-previdencia\/","title":{"rendered":"Falta de emendas fez Alcolumbre desistir de votar Previd\u00eancia"},"content":{"rendered":"<h6><strong>Coluna Bras\u00edlia-DF<\/strong><\/h6>\n<p>O que fez o presidente do Senado, Davi Alcolumbre, desistir de votar a reforma da Previd\u00eancia esta semana \u00e9 a falta de recursos para irrigar as bases eleitorais dos senadores. \u00c9 que, antes da vota\u00e7\u00e3o, os senadores querem a delibera\u00e7\u00e3o sobre o PLN 18, o projeto que abre um cr\u00e9dito suplementar de R$ 3 bilh\u00f5es, dos quais uma parte pode ser aplicada nas emendas.<\/p>\n<p>\u00bb \u00bb \u00bb<\/p>\n<p>A avalia\u00e7\u00e3o no Senado \u00e9 de que, nas \u00faltimas tr\u00eas semanas, os deputados emplacaram a diretoria da Codevasf e ao Fundo Nacional de Desenvolvimento da Educa\u00e7\u00e3o (FNDE). Aos senadores, que na semana passada votaram a reforma previdenci\u00e1ria na Comiss\u00e3o de Constitui\u00e7\u00e3o e Justi\u00e7a, mal surgiu um \u201cmuito obrigado\u201d.<\/p>\n<h2>\n<strong>Continhas para Eduardo<\/strong><\/h2>\n<p>Os senadores fecharam o seguinte balan\u00e7o dos votos na Casa: 15 s\u00e3o da oposi\u00e7\u00e3o, 20 governistas e 46 do chamado Centr\u00e3o, um grupo que anda ao sabor do vento e do humor do dia.<\/p>\n<h2>\n<strong>Por falar em Eduardo\u2026<\/strong><\/h2>\n<p>Os experientes e tarimbados na Casa acreditam que a aprova\u00e7\u00e3o do nome do deputado Eduardo Bolsonaro para embaixador do Brasil em Washington no plen\u00e1rio do Senado depender\u00e1 do humor do dia. Na Comiss\u00e3o, o c\u00e1lculo indica 11 a oito ou 12 a sete. Pr\u00f3-Eduardo. Sinal de que o trabalho de bastidor do deputado j\u00e1 ajudou a conquistar alguns.<\/p>\n<h2>\n<strong>Apostas para 22<\/strong><\/h2>\n<p>Ainda est\u00e1 tudo muito longe, mas muitos pol\u00edticos apostam que a polariza\u00e7\u00e3o n\u00e3o ser\u00e1 quebrada em 2022. Os palpites colocam no topo da lista um novo duelo entre o presidente Jair Bolsonaro e o PT, seja quem for o candidato.<\/p>\n<h2>\n<strong>A t\u00e1bua de salva\u00e7\u00e3o no NE<\/strong><\/h2>\n<p>No Pal\u00e1cio do Planalto, dois projetos s\u00e3o vistos como a esperan\u00e7a para alavancar a popularidade do presidente Jair Bolsonaro no Nordeste: O 13\u00ba sal\u00e1rio do Bolsa Fam\u00edlia e a transposi\u00e7\u00e3o do S\u00e3o Francisco. Quem anda pelo Planalto e pelo Nordeste, assegura que \u201co presidente est\u00e1 t\u00e3o ruim por l\u00e1 que n\u00e3o tem como piorar\u201d.<\/p>\n<p><strong>Aqui, n\u00e3o\/<\/strong> O DEM tem, por tradi\u00e7\u00e3o, expulsar de seus quadros quem se enrosca em casos mal explicados. Foi assim com o ex-governador Jos\u00e9 Roberto Arruda e com o ex-senador Dem\u00f3stenes Torres. A aposta \u00e9 a de que com Luiz Miranda (DEM-DF) n\u00e3o ser\u00e1 diferente.<\/p>\n<p><strong>P\u00f5e mais um&#8230;\/<\/strong> Os senadores que pesquisaram o hist\u00f3rico de sabatinas dos indicados para a Embaixada em Washington descobriram que os dois \u00faltimos foram sabatinados no mesmo dia que outros embaixadores. E tudo muito r\u00e1pido, sem atropelos.<\/p>\n<p><strong>&#8230;para acelerar<\/strong>\/ Luiz Alberto Figueiredo foi sabatinado junto com o embaixador na Jord\u00e2nia, Francisco Luz. .O sucessor de Figueiredo, S\u00e9rgio Amaral, junto com o embaixador na Argentina, Everton Vieira Vargas. Nos dois casos, as sabatinas tiveram que ser aceleradas por causa da ordem do dia no plen\u00e1rio da Casa.<\/p>\n<p><strong>On\u00e7a &amp; vara curta\/<\/strong> O presidente do Senado, Davi Alcolumbre, n\u00e3o esconde a irrita\u00e7\u00e3o quando algum senador mais afoito lhe pergunta sobre as indica\u00e7\u00f5es para o Cade (Conselho Administrativo de Defesa Econ\u00f4mica). A alguns chega a dizer; \u201cN\u00e3o s\u00e3o meus. E se come\u00e7arem a cobrar, devolvo tudo para o governo\u201d.<\/p>\n<p><strong>Desconfiados\/<\/strong> Alcolumbre elogiou tanto o presidente em exerc\u00edcio, Hamilton Mour\u00e3o, ao sair do Planalto ontem que suscitou d\u00favidas a respeito de sua lealdade a Jair Bolsonaro.<\/p>\n","protected":false},"excerpt":{"rendered":"<p>Coluna Bras\u00edlia-DF O que fez o presidente do Senado, Davi Alcolumbre, desistir de votar a reforma da Previd\u00eancia esta semana \u00e9 a falta de recursos para irrigar as bases eleitorais dos senadores. \u00c9 que, antes da vota\u00e7\u00e3o, os senadores querem a delibera\u00e7\u00e3o sobre o PLN 18, o projeto que abre um cr\u00e9dito suplementar de R$ [&hellip;]<\/p>\n","protected":false},"author":29,"featured_media":4116,"comment_status":"closed","ping_status":"closed","sticky":false,"template":"","format":"standard","meta":{"wpb_read_more":[],"footnotes":""},"categories":[4],"tags":[],"class_list":["post-4115","post","type-post","status-publish","format-standard","has-post-thumbnail","hentry","category-coluna-brasilia-df"],"_links":{"self":[{"href":"https:\/\/blogs2.correiobraziliense.com.br\/denise\/wp-json\/wp\/v2\/posts\/4115","targetHints":{"allow":["GET"]}}],"collection":[{"href":"https:\/\/blogs2.correiobraziliense.com.br\/denise\/wp-json\/wp\/v2\/posts"}],"about":[{"href":"https:\/\/blogs2.correiobraziliense.com.br\/denise\/wp-json\/wp\/v2\/types\/post"}],"author":[{"embeddable":true,"href":"https:\/\/blogs2.correiobraziliense.com.br\/denise\/wp-json\/wp\/v2\/users\/29"}],"replies":[{"embeddable":true,"href":"https:\/\/blogs2.correiobraziliense.com.br\/denise\/wp-json\/wp\/v2\/comments?post=4115"}],"version-history":[{"count":1,"href":"https:\/\/blogs2.correiobraziliense.com.br\/denise\/wp-json\/wp\/v2\/posts\/4115\/revisions"}],"predecessor-version":[{"id":4117,"href":"https:\/\/blogs2.correiobraziliense.com.br\/denise\/wp-json\/wp\/v2\/posts\/4115\/revisions\/4117"}],"wp:featuredmedia":[{"embeddable":true,"href":"https:\/\/blogs2.correiobraziliense.com.br\/denise\/wp-json\/wp\/v2\/media\/4116"}],"wp:attachment":[{"href":"https:\/\/blogs2.correiobraziliense.com.br\/denise\/wp-json\/wp\/v2\/media?parent=4115"}],"wp:term":[{"taxonomy":"category","embeddable":true,"href":"https:\/\/blogs2.correiobraziliense.com.br\/denise\/wp-json\/wp\/v2\/categories?post=4115"},{"taxonomy":"post_tag","embeddable":true,"href":"https:\/\/blogs2.correiobraziliense.com.br\/denise\/wp-json\/wp\/v2\/tags?post=4115"}],"curies":[{"name":"wp","href":"https:\/\/api.w.org\/{rel}","templated":true}]}}