{"id":4118,"date":"2019-09-11T08:03:02","date_gmt":"2019-09-11T11:03:02","guid":{"rendered":"https:\/\/blogs2.correiobraziliense.com.br\/denise\/?p=4118"},"modified":"2019-09-11T08:03:02","modified_gmt":"2019-09-11T11:03:02","slug":"psl-cpmi-das-fake-news-carlos-bolsonaro","status":"publish","type":"post","link":"https:\/\/blogs2.correiobraziliense.com.br\/denise\/psl-cpmi-das-fake-news-carlos-bolsonaro\/","title":{"rendered":"PSL refor\u00e7a time na CPMI das Fake News e sai em defesa de Carlos Bolsonaro"},"content":{"rendered":"<h6><strong>Coluna Bras\u00edlia-DF<\/strong><\/h6>\n<p>Ciente dos problemas que pode enfrentar na CPI Mista das Fake News, com a oposi\u00e7\u00e3o controlando a presid\u00eancia e a relatoria, o PSL de Jair Bolsonaro fez quest\u00e3o de colocar tr\u00eas de seus quatro senadores no colegiado, Fl\u00e1vio Bolsonaro, Major Ol\u00edmpio e a Ju\u00edza Selma. Sobrou apenas Soraya Thronicke, mais ligada ao setor agropecu\u00e1rio. O PSDB que tem um bloco na Casa com o PSL, ficou apenas com uma vaga.<\/p>\n<p>A primeira participa\u00e7\u00e3o de Fl\u00e1vio no colegiado foi em defesa do irm\u00e3o, Carlos Bolsonaro, citado por ele como um exemplo de \u201calvo pr\u00e9-determinado\u201d por parte do pr\u00f3prio presidente do colegiado, senador \u00c2ngelo Coronel (PSD-BA). A ordem no PSL \u00e9 fazer valer o discurso de que Carlos se defende e defende o pai, \u00e9 pol\u00eamico, mas n\u00e3o propaga informa\u00e7\u00f5es falsas, apenas suas opini\u00f5es \u2014 algumas, inclusive, com cr\u00edticas \u00e0 democracia. O duelo na CPMI ser\u00e1 acompanhado por todos no universo da pol\u00edtica.<\/p>\n<h2>\n<strong>\u201cSe for fechar, quem vai perder \u00e9 o Brasil\u201d<\/strong><\/h2>\n<p>Do deputado Eduardo Bolsonaro, a respeito do decreto legislativo que susta os efeitos do decreto presidencial sobre<a href=\"https:\/\/blogs2.correiobraziliense.com.br\/denise\/portaria-de-importacao-de-milho-dos-eua-ameaca-cargo-de-embaixador-de-eduardo\/\"> aumento da quota de importa\u00e7\u00e3o de etanol de milho dos Estados Unidos sem tarifas<\/a>.<\/p>\n<h2>\n<strong>Miss\u00e3o quase imposs\u00edvel<\/strong><\/h2>\n<p>Presidente da Comiss\u00e3o Especial da Reforma da Previd\u00eancia na C\u00e2mara, o deputado Marcelo Ramos avisa que n\u00e3o tem muito o que fazer em rela\u00e7\u00e3o \u00e0 PEC paralela da reforma previdenci\u00e1ria: \u201cSe a contribui\u00e7\u00e3o do setor exportador n\u00e3o passou antes, por que passar\u00e1 agora?\u201d Faz sentido.<\/p>\n<p><strong>Eduardo na lida\/<\/strong> O deputado Eduardo Bolsonaro ainda n\u00e3o deu sinal verde para o pai encaminhar a indica\u00e7\u00e3o para embaixador nos Estados Unidos. \u201cTemos votos, mas ainda preciso contactar algumas pessoas\u201d, diz.<\/p>\n<p><strong>A vingan\u00e7a de Machado\/<\/strong> O ex-presidente da Transpetro S\u00e9rgio Machado, cuja dela\u00e7\u00e3o serviu para prender M\u00e1rcio Lob\u00e3o, \u00e9 o mesmo que, no passado, gravou conversas com Romero Juc\u00e1, Jos\u00e9 Sarney e Renan Calheiros. Todos eles tiveram os processos com base nessas grava\u00e7\u00f5es arquivados. A esperan\u00e7a dos advogados de M\u00e1rcio \u00e9 de que agora n\u00e3o seja diferente. Por\u00e9m, a avalia\u00e7\u00e3o, em Bras\u00edlia, \u00e9 de que n\u00e3o ser\u00e1 t\u00e3o f\u00e1cil tirar o empres\u00e1rio da cadeia.<\/p>\n","protected":false},"excerpt":{"rendered":"<p>Coluna Bras\u00edlia-DF Ciente dos problemas que pode enfrentar na CPI Mista das Fake News, com a oposi\u00e7\u00e3o controlando a presid\u00eancia e a relatoria, o PSL de Jair Bolsonaro fez quest\u00e3o de colocar tr\u00eas de seus quatro senadores no colegiado, Fl\u00e1vio Bolsonaro, Major Ol\u00edmpio e a Ju\u00edza Selma. Sobrou apenas Soraya Thronicke, mais ligada ao setor [&hellip;]<\/p>\n","protected":false},"author":29,"featured_media":4120,"comment_status":"closed","ping_status":"closed","sticky":false,"template":"","format":"standard","meta":{"wpb_read_more":[],"footnotes":""},"categories":[4],"tags":[],"class_list":["post-4118","post","type-post","status-publish","format-standard","has-post-thumbnail","hentry","category-coluna-brasilia-df"],"_links":{"self":[{"href":"https:\/\/blogs2.correiobraziliense.com.br\/denise\/wp-json\/wp\/v2\/posts\/4118","targetHints":{"allow":["GET"]}}],"collection":[{"href":"https:\/\/blogs2.correiobraziliense.com.br\/denise\/wp-json\/wp\/v2\/posts"}],"about":[{"href":"https:\/\/blogs2.correiobraziliense.com.br\/denise\/wp-json\/wp\/v2\/types\/post"}],"author":[{"embeddable":true,"href":"https:\/\/blogs2.correiobraziliense.com.br\/denise\/wp-json\/wp\/v2\/users\/29"}],"replies":[{"embeddable":true,"href":"https:\/\/blogs2.correiobraziliense.com.br\/denise\/wp-json\/wp\/v2\/comments?post=4118"}],"version-history":[{"count":1,"href":"https:\/\/blogs2.correiobraziliense.com.br\/denise\/wp-json\/wp\/v2\/posts\/4118\/revisions"}],"predecessor-version":[{"id":4121,"href":"https:\/\/blogs2.correiobraziliense.com.br\/denise\/wp-json\/wp\/v2\/posts\/4118\/revisions\/4121"}],"wp:featuredmedia":[{"embeddable":true,"href":"https:\/\/blogs2.correiobraziliense.com.br\/denise\/wp-json\/wp\/v2\/media\/4120"}],"wp:attachment":[{"href":"https:\/\/blogs2.correiobraziliense.com.br\/denise\/wp-json\/wp\/v2\/media?parent=4118"}],"wp:term":[{"taxonomy":"category","embeddable":true,"href":"https:\/\/blogs2.correiobraziliense.com.br\/denise\/wp-json\/wp\/v2\/categories?post=4118"},{"taxonomy":"post_tag","embeddable":true,"href":"https:\/\/blogs2.correiobraziliense.com.br\/denise\/wp-json\/wp\/v2\/tags?post=4118"}],"curies":[{"name":"wp","href":"https:\/\/api.w.org\/{rel}","templated":true}]}}