{"id":4119,"date":"2019-09-11T08:11:30","date_gmt":"2019-09-11T11:11:30","guid":{"rendered":"https:\/\/blogs2.correiobraziliense.com.br\/denise\/?p=4119"},"modified":"2019-09-11T12:21:04","modified_gmt":"2019-09-11T15:21:04","slug":"denuncias-devem-complicar-situacao-de-luis-miranda-no-tse","status":"publish","type":"post","link":"https:\/\/blogs2.correiobraziliense.com.br\/denise\/denuncias-devem-complicar-situacao-de-luis-miranda-no-tse\/","title":{"rendered":"Den\u00fancias devem complicar situa\u00e7\u00e3o de Luis Miranda no TSE"},"content":{"rendered":"<h6><strong>Coluna Bras\u00edlia-DF<\/strong><\/h6>\n<p>Aliados do deputado Luis Miranda (DEM-DF) consideram que o maior problema do parlamentar ser\u00e1 a rejei\u00e7\u00e3o das contas de campanha pelo TRE, que agora est\u00e1 no Tribunal Superior Eleitoral (TSE). A estrat\u00e9gia vem sendo protelar ao m\u00e1ximo para chegar a junho de 2022. Agora, diante das den\u00fancias, vai ficar dif\u00edcil.<\/p>\n<h2><strong>\u2026 e para o partido<\/strong><\/h2>\n<p>O DEM vive um drama interno. Se expulsar Miranda, perde a vaga na C\u00e2mara, uma vez que o suplente \u00e9 Laerte Bessa, do PL (antigo PR). Por\u00e9m, os caciques da legenda n\u00e3o est\u00e3o confort\u00e1veis e j\u00e1 cobraram explica\u00e7\u00f5es.<\/p>\n<h2><strong>Quanto \u00e0s den\u00fancias de golpe\u2026<\/strong><\/h2>\n<p>A estrat\u00e9gia \u00e9 dizer que nada est\u00e1 relacionado ao mandato parlamentar, portanto, n\u00e3o deve ser objeto de an\u00e1lise nem pelo partido nem pela C\u00e2mara, afinal, trata-se de um neg\u00f3cio que faliu e de s\u00f3cios que se sentiram lesados. Falta combinar com os \u201crussos\u201d. No meio do plen\u00e1rio, n\u00e3o param as conversas do tipo, \u201colha a\u00ed a nova pol\u00edtica!\u201d<\/p>\n<p><strong>Chama o M\u00e1rio!!!\/<\/strong> Luis Miranda (DEM-DF) chamou o gerenciador de crises, M\u00e1rio Rosa, para ajudar na estrat\u00e9gia de recupera\u00e7\u00e3o da imagem. O trabalho ser\u00e1 \u00e1rduo. A cada declara\u00e7\u00e3o, Miranda parece perder apoios e terreno.<\/p>\n<p><strong>Porta arrombada\/<\/strong> Na semana passada \u2014 antes da divulga\u00e7\u00e3o da reportagem do Fant\u00e1stico com as pessoas que se sentiram lesadas em sociedades com Miranda nos Estados Unidos \u2014, o deputado deixou o consultor esperando por duas horas e n\u00e3o foi conversar com ele. S\u00f3 ontem que M\u00e1rio entrou no circuito.<\/p>\n","protected":false},"excerpt":{"rendered":"<p>Coluna Bras\u00edlia-DF Aliados do deputado Luis Miranda (DEM-DF) consideram que o maior problema do parlamentar ser\u00e1 a rejei\u00e7\u00e3o das contas de campanha pelo TRE, que agora est\u00e1 no Tribunal Superior Eleitoral (TSE). A estrat\u00e9gia vem sendo protelar ao m\u00e1ximo para chegar a junho de 2022. Agora, diante das den\u00fancias, vai ficar dif\u00edcil. \u2026 e para [&hellip;]<\/p>\n","protected":false},"author":29,"featured_media":4122,"comment_status":"closed","ping_status":"closed","sticky":false,"template":"","format":"standard","meta":{"wpb_read_more":[],"footnotes":""},"categories":[4],"tags":[],"class_list":["post-4119","post","type-post","status-publish","format-standard","has-post-thumbnail","hentry","category-coluna-brasilia-df"],"_links":{"self":[{"href":"https:\/\/blogs2.correiobraziliense.com.br\/denise\/wp-json\/wp\/v2\/posts\/4119","targetHints":{"allow":["GET"]}}],"collection":[{"href":"https:\/\/blogs2.correiobraziliense.com.br\/denise\/wp-json\/wp\/v2\/posts"}],"about":[{"href":"https:\/\/blogs2.correiobraziliense.com.br\/denise\/wp-json\/wp\/v2\/types\/post"}],"author":[{"embeddable":true,"href":"https:\/\/blogs2.correiobraziliense.com.br\/denise\/wp-json\/wp\/v2\/users\/29"}],"replies":[{"embeddable":true,"href":"https:\/\/blogs2.correiobraziliense.com.br\/denise\/wp-json\/wp\/v2\/comments?post=4119"}],"version-history":[{"count":3,"href":"https:\/\/blogs2.correiobraziliense.com.br\/denise\/wp-json\/wp\/v2\/posts\/4119\/revisions"}],"predecessor-version":[{"id":4126,"href":"https:\/\/blogs2.correiobraziliense.com.br\/denise\/wp-json\/wp\/v2\/posts\/4119\/revisions\/4126"}],"wp:featuredmedia":[{"embeddable":true,"href":"https:\/\/blogs2.correiobraziliense.com.br\/denise\/wp-json\/wp\/v2\/media\/4122"}],"wp:attachment":[{"href":"https:\/\/blogs2.correiobraziliense.com.br\/denise\/wp-json\/wp\/v2\/media?parent=4119"}],"wp:term":[{"taxonomy":"category","embeddable":true,"href":"https:\/\/blogs2.correiobraziliense.com.br\/denise\/wp-json\/wp\/v2\/categories?post=4119"},{"taxonomy":"post_tag","embeddable":true,"href":"https:\/\/blogs2.correiobraziliense.com.br\/denise\/wp-json\/wp\/v2\/tags?post=4119"}],"curies":[{"name":"wp","href":"https:\/\/api.w.org\/{rel}","templated":true}]}}