{"id":4127,"date":"2019-09-12T07:51:32","date_gmt":"2019-09-12T10:51:32","guid":{"rendered":"https:\/\/blogs2.correiobraziliense.com.br\/denise\/?p=4127"},"modified":"2019-09-12T07:51:32","modified_gmt":"2019-09-12T10:51:32","slug":"saida-de-cintra-e-sinal-de-que-bolsonaro-nao-aceitara-tudo-que-vier-da-equipe-economica","status":"publish","type":"post","link":"https:\/\/blogs2.correiobraziliense.com.br\/denise\/saida-de-cintra-e-sinal-de-que-bolsonaro-nao-aceitara-tudo-que-vier-da-equipe-economica\/","title":{"rendered":"Sa\u00edda de Cintra \u00e9 sinal de que Bolsonaro n\u00e3o aceitar\u00e1 tudo que vier da equipe econ\u00f4mica"},"content":{"rendered":"<h6><strong>Coluna Bras\u00edlia-DF<\/strong><\/h6>\n<p>Dias antes de embarcar para S\u00e3o Paulo, o presidente Jair Bolsonaro comentou com alguns ministros mais chegados que \u201cquem tem que aparecer\u201d no governo \u00e9 o presidente da Rep\u00fablica. Completou dizendo que \u201cn\u00e3o tem nenhum problema em demitir quem quer que seja\u201d. O recado n\u00e3o foi para Paulo Guedes.<\/p>\n<p>No entanto, o ministro anda meio de lado e olhando onde pisa. A sa\u00edda do secret\u00e1rio da Receita, Marcos Cintra, lastreada na gota d\u2019\u00e1gua da nova Contribui\u00e7\u00e3o Provis\u00f3ria sobre Movimenta\u00e7\u00e3o Financeira (CPMF), foi um sinal de que o presidente Jair Bolsonaro n\u00e3o aceitar\u00e1 tudo o que vier da equipe econ\u00f4mica. A hist\u00f3ria de vender toda e qualquer empresa da Uni\u00e3o, dizem alguns, daqui a pouco entra nessa lista de \u201calto l\u00e1\u201d.<\/p>\n<p>\u00bb \u00bb \u00bb<\/p>\n<p>Em tempo: o presidente tem raz\u00e3o quando diz que n\u00e3o tem problemas em demitir ministros. Afinal, todos foram da sua lavra, sem consulta formal aos partidos pol\u00edticos ou agentes de mercado, algo in\u00e9dito na forma\u00e7\u00e3o de um governo que entra agora no modo \u201cmanda quem pode e obedece quem tem ju\u00edzo\u201d.<\/p>\n<h2>\n<strong>Avisos importantes<\/strong><\/h2>\n<p>A ida do ministro da Secretaria de Governo, general Luiz Eduardo Ramos, ao Congresso no dia em que o presidente reafirma o compromisso de n\u00e3o recriar a CPMF foi vista pelos l\u00edderes partid\u00e1rios como um sinal de quem entendeu a conversa: n\u00e3o adianta tentar empurrar projetos goela abaixo do parlamento. O mesmo destino ter\u00e1 a tal PEC Paralela que quer aumentar os impostos do agroneg\u00f3cio.<\/p>\n<h2>\n<strong>\u201cTalkey, Macron\u201d?<\/strong><\/h2>\n<p>Assim, aliados do presidente Jair Bolsonaro t\u00eam se referido ao discurso que ele far\u00e1 na Organiza\u00e7\u00e3o das Na\u00e7\u00f5es Unidas daqui a 12 dias. No que tange ao meio ambiente, focar\u00e1 na capacidade brasileira de cuidar das suas florestas.<\/p>\n<h2>\n<strong>O fim da hegemonia<\/strong><\/h2>\n<p>O MDB bem que tentou ampliar a bancada de senadores, mas quem est\u00e1 conseguindo essa fa\u00e7anha \u00e9 o Podemos, do senador \u00c1lvaro Dias (PR). Com Reguffe, o partido vai a 10 senadores e quer chegar a 15. O MDB tem 13.<\/p>\n<h2>\n<strong>Curtidas<\/strong><\/h2>\n<p><strong>Simon na \u00e1rea\/<\/strong> Considerado uma das reservas morais do pa\u00eds, o ex-senador Pedro Simon esteve em Bras\u00edlia para influir na troca de comando do MDB, marcada para 6 de outubro. Seu primeiro movimento foi um encontro com o l\u00edder do partido na C\u00e2mara, deputado Baleia Rossi, para ver se \u00e9 poss\u00edvel conseguir um consenso em torno do nome da senadora Simone Tebet (MDB-MS).<\/p>\n<blockquote><p>&#8220;Bolsonaro \u00e9 um alvo para algum fan\u00e1tico, ou para alguma coisa que esteja al\u00e9m da nossa compreens\u00e3o, \u00e9 um alvo compensador. E isso sempre nos preocupa muito\u201d<\/p><\/blockquote>\n<p style=\"text-align: right\"><strong>Do ministro-chefe do Gabinete de Seguran\u00e7a Institucional (GSI), general Augusto Heleno, em entrevista \u00e0 Rede Vida de Televis\u00e3o, referindo-se \u00e0 tarefa primordial que tem hoje, a seguran\u00e7a do presidente. No Planalto, segue a linha de que todo o cuidado \u00e9 pouco.<\/strong><\/p>\n<p><strong>E na lida\/<\/strong> Simon topa, desde que seja consenso. Baleia Rossi, idem. Ocorre que o deputado \u00e9 o preferido da bancada da C\u00e2mara. Novamente, o MDB caminha para uma disputa C\u00e2mara versus Senado, que persiste desde os tempos de FHC.<\/p>\n<p><strong>Imagens para a campanha\/<\/strong> O pano de fundo do bate-boca entre os deputados Diego Garcia (Podemos-PR) e Boca Aberta (PROS-PR) em pleno Sal\u00e3o Verde da C\u00e2mara \u00e9 a Prefeitura de Londrina. Ambos s\u00e3o pr\u00e9-candidatos. A inten\u00e7\u00e3o \u00e9 subir o tom nos pr\u00f3ximos meses, fazer uma pausa para o Natal e voltar com carga total no ano eleitoral.<\/p>\n<p><strong>Quando o amor termina\/<\/strong> Lembra daquela nota da casa do advogado Roberto Caldas, que foi depredada, e o mist\u00e9rio sobre quem teria feito o estrago? Pois \u00e9. A ex-mulher dele, Michella, e duas assistentes foram indiciadas pela depreda\u00e7\u00e3o. O caso agora seguir\u00e1 para o Minist\u00e9rio P\u00fablico para que d\u00ea parecer. A triste hist\u00f3ria de um casal que se separou parece n\u00e3o ter fim.<\/p>\n","protected":false},"excerpt":{"rendered":"<p>Coluna Bras\u00edlia-DF Dias antes de embarcar para S\u00e3o Paulo, o presidente Jair Bolsonaro comentou com alguns ministros mais chegados que \u201cquem tem que aparecer\u201d no governo \u00e9 o presidente da Rep\u00fablica. Completou dizendo que \u201cn\u00e3o tem nenhum problema em demitir quem quer que seja\u201d. O recado n\u00e3o foi para Paulo Guedes. No entanto, o ministro [&hellip;]<\/p>\n","protected":false},"author":29,"featured_media":4128,"comment_status":"closed","ping_status":"closed","sticky":false,"template":"","format":"standard","meta":{"wpb_read_more":[],"footnotes":""},"categories":[4],"tags":[],"class_list":["post-4127","post","type-post","status-publish","format-standard","has-post-thumbnail","hentry","category-coluna-brasilia-df"],"_links":{"self":[{"href":"https:\/\/blogs2.correiobraziliense.com.br\/denise\/wp-json\/wp\/v2\/posts\/4127","targetHints":{"allow":["GET"]}}],"collection":[{"href":"https:\/\/blogs2.correiobraziliense.com.br\/denise\/wp-json\/wp\/v2\/posts"}],"about":[{"href":"https:\/\/blogs2.correiobraziliense.com.br\/denise\/wp-json\/wp\/v2\/types\/post"}],"author":[{"embeddable":true,"href":"https:\/\/blogs2.correiobraziliense.com.br\/denise\/wp-json\/wp\/v2\/users\/29"}],"replies":[{"embeddable":true,"href":"https:\/\/blogs2.correiobraziliense.com.br\/denise\/wp-json\/wp\/v2\/comments?post=4127"}],"version-history":[{"count":1,"href":"https:\/\/blogs2.correiobraziliense.com.br\/denise\/wp-json\/wp\/v2\/posts\/4127\/revisions"}],"predecessor-version":[{"id":4129,"href":"https:\/\/blogs2.correiobraziliense.com.br\/denise\/wp-json\/wp\/v2\/posts\/4127\/revisions\/4129"}],"wp:featuredmedia":[{"embeddable":true,"href":"https:\/\/blogs2.correiobraziliense.com.br\/denise\/wp-json\/wp\/v2\/media\/4128"}],"wp:attachment":[{"href":"https:\/\/blogs2.correiobraziliense.com.br\/denise\/wp-json\/wp\/v2\/media?parent=4127"}],"wp:term":[{"taxonomy":"category","embeddable":true,"href":"https:\/\/blogs2.correiobraziliense.com.br\/denise\/wp-json\/wp\/v2\/categories?post=4127"},{"taxonomy":"post_tag","embeddable":true,"href":"https:\/\/blogs2.correiobraziliense.com.br\/denise\/wp-json\/wp\/v2\/tags?post=4127"}],"curies":[{"name":"wp","href":"https:\/\/api.w.org\/{rel}","templated":true}]}}