{"id":4138,"date":"2019-09-13T08:16:36","date_gmt":"2019-09-13T11:16:36","guid":{"rendered":"https:\/\/blogs2.correiobraziliense.com.br\/denise\/?p=4138"},"modified":"2019-09-13T08:19:48","modified_gmt":"2019-09-13T11:19:48","slug":"vetos-a-lei-de-abuso-de-autoridade-estremecem-relacao-entre-bolsonaro-e-congresso","status":"publish","type":"post","link":"https:\/\/blogs2.correiobraziliense.com.br\/denise\/vetos-a-lei-de-abuso-de-autoridade-estremecem-relacao-entre-bolsonaro-e-congresso\/","title":{"rendered":"Vetos \u00e0 Lei de Abuso de Autoridade estremecem rela\u00e7\u00e3o entre Bolsonaro e Congresso"},"content":{"rendered":"<h6><strong>Coluna Bras\u00edlia-DF<\/strong><\/h6>\n<p>Os congressistas querem aproveitar a semana que vem para tentar \u2014 e tudo indica que v\u00e3o conseguir \u2014 derrubar os <strong>vetos \u00e0 Lei de Abuso de Autoridade<\/strong>. Cumprido esse script, dizem alguns pol\u00edticos, ficar\u00e1 claro que o presidente Jair Bolsonaro e o ministro da Justi\u00e7a, S\u00e9rgio Moro, n\u00e3o disp\u00f5em de uma maioria s\u00f3lida na Casa para fazer cumprir a vis\u00e3o do governo sobre a proposta.<\/p>\n<p>Essa leitura, feita pelos parlamentares, n\u00e3o prevalece no Planalto. Ali, a vis\u00e3o \u00e9 a de que o presidente Jair Bolsonaro fez a sua parte ao acolher os vetos sugeridos pelo ministro. Quanto ao m\u00e9rito da proposta \u2014 restri\u00e7\u00e3o ao uso de algemas, fim da condu\u00e7\u00e3o coercitiva, e outros dispositivos vetados \u2014, os parlamentares que respondam perante a popula\u00e7\u00e3o.<\/p>\n<h2><strong>O vereador que responda<\/strong><\/h2>\n<p>\u00c9 assim que aliados do governo se referem \u00e0s investiga\u00e7\u00f5es sobre o vereador Carlos Bolsonaro e \u00e0 suspeita de emprego de funcion\u00e1rios de fachada em seu gabinete. Carlos \u00e9 maior de idade, n\u00e3o tem cargos no governo, nem poder\u00e1, garantem amigos de Jair Bolsonaro, envolver o pai nessa hist\u00f3ria.<\/p>\n<h2><strong>Ceder aqui&#8230;<\/strong><\/h2>\n<p>Antes de viajar aos pa\u00edses \u00e1rabes, a ministra da Agricultura, Tereza Cristina, foi ao Congresso e pediu encarecidamente aos deputados que pensem duas vezes antes de derrubar o decreto presidencial que ampliou a quota de importa\u00e7\u00e3o de etanol de milho dos Estados Unidos sem tarifa. Conseguiu segurar a vota\u00e7\u00e3o, pelo menos, por duas semanas.<\/p>\n<h2><strong>\u2026 para ganhar ali<\/strong><\/h2>\n<p>O discurso de Tereza \u00e9 m\u00fasica nos ouvidos dos produtores. Os Estados Unidos t\u00eam acenado com aumento da importa\u00e7\u00e3o de a\u00e7\u00facar e ajudaram o Brasil no G-7, na quest\u00e3o ambiental. Para completar, a China se mostra interessada no etanol brasileiro.<\/p>\n<h2><strong>A guerra de CPIs<\/strong><\/h2>\n<p>O presidente da C\u00e2mara, Rodrigo Maia (DEM-RJ), ter\u00e1 que usar toda a sua diplomacia para evitar uma guerra entre <strong>CPIs da Vaza-Jato<\/strong>. Por causa dos di\u00e1logos divulgados pelo site <em>The Intercept<\/em>, <a href=\"https:\/\/blogs2.correiobraziliense.com.br\/denise\/cpi-da-vaza-jato-oposicao-consegue-assinaturas-suficientes-e-protocola-pedido\/\"><strong>a oposi\u00e7\u00e3o protocolou um requerimento para apurar a conduta do ministro da Justi\u00e7a, S\u00e9rgio Moro, e dos procuradores<\/strong><\/a>. A ala aliada ao ex-juiz Moro quer outra para investigar o vazamento das conversas.<\/p>\n<blockquote>\n<p style=\"text-align: right\">&#8220;Sabemos todos que regimes autocr\u00e1ticos, cidad\u00e3os corruptos e autoridades impregnadas de voca\u00e7\u00e3o tendente \u00e0 desconstru\u00e7\u00e3o da ordem democr\u00e1tica temem o Minist\u00e9rio P\u00fablico. Longe de se curvar aos des\u00edgnios do poder pol\u00edtico, econ\u00f4mico ou corporativo, ou ainda religioso, o Minist\u00e9rio P\u00fablico tem a percep\u00e7\u00e3o superior da preserva\u00e7\u00e3o da ordem democr\u00e1tica, fora da qual n\u00e3o h\u00e1 salva\u00e7\u00e3o\u201d<br \/>\n<strong>Do decano do STF, Celso de Mello, na \u00faltima sess\u00e3o com Raquel Dodge no papel de procuradora-geral da Rep\u00fablica<\/strong><\/p>\n<\/blockquote>\n<h2><strong>CURTIDAS<\/strong><\/h2>\n<p><strong>Ajuda a\u00ed, Davi\/<\/strong> Com o novo representante da miss\u00e3o brasileira nas Na\u00e7\u00f5es Unidas sabatinado na Comiss\u00e3o de Rela\u00e7\u00f5es Exteriores do Senado, o governo coloca como prioridade aprovar logo o nome de Ronaldo Costa Filho em plen\u00e1rio. A ideia \u00e9 correr para ver se d\u00e1 tempo de Costa Filho voar para Nova York antes de 24 deste m\u00eas, quando o presidente Jair Bolsonaro discursa na abertura da Assembleia Geral da ONU.<\/p>\n<p><strong>A volta de Fraga\/<\/strong> Inocentado pelo Tribunal de Justi\u00e7a do DF, <a href=\"https:\/\/blogs2.correiobraziliense.com.br\/cbpoder\/apos-apadrinhar-aras-e-absolvicao-fraga-sonha-com-cargo-no-governo\/\"><strong>o ex-deputado Alberto Fraga (DEM-DF) \u00e9 considerado pe\u00e7a certa na equipe do presidente Jair Bolsonaro no ano que vem<\/strong><\/a>.<\/p>\n<p><strong>Tempo esgotado\/<\/strong> A C\u00e2mara correu para tentar aprovar algumas mudan\u00e7as na lei eleitoral, mas os senadores n\u00e3o parecem t\u00e3o interessados. Se nada for votado na semana que vem, a avalia\u00e7\u00e3o geral \u00e9 a de que n\u00e3o haver\u00e1 tempo h\u00e1bil para aprovar mais nada.<\/p>\n<p><strong>Sig e Grossi\/<\/strong> A C\u00e2mara dos Deputados far\u00e1 uma homenagem p\u00f3stuma ao ex-deputado Sigmaringa Seixas e ao advogado Jos\u00e9 Gerardo Grossi em 1\u00ba de outubro, ter\u00e7a-feira. A sess\u00e3o, pedida pelo deputado Paulo Teixeira (PT-SP), est\u00e1 marcada para as 9h. Grossi faleceu em maio do ano passado e Sigmaringa Seixas, em dezembro. Ambos foram refer\u00eancia na luta pela redemocratiza\u00e7\u00e3o do Brasil.<\/p>\n","protected":false},"excerpt":{"rendered":"<p>Coluna Bras\u00edlia-DF Os congressistas querem aproveitar a semana que vem para tentar \u2014 e tudo indica que v\u00e3o conseguir \u2014 derrubar os vetos \u00e0 Lei de Abuso de Autoridade. Cumprido esse script, dizem alguns pol\u00edticos, ficar\u00e1 claro que o presidente Jair Bolsonaro e o ministro da Justi\u00e7a, S\u00e9rgio Moro, n\u00e3o disp\u00f5em de uma maioria s\u00f3lida [&hellip;]<\/p>\n","protected":false},"author":29,"featured_media":4139,"comment_status":"closed","ping_status":"closed","sticky":false,"template":"","format":"standard","meta":{"wpb_read_more":[],"footnotes":""},"categories":[4],"tags":[30,28,170,169,168],"class_list":["post-4138","post","type-post","status-publish","format-standard","has-post-thumbnail","hentry","category-coluna-brasilia-df","tag-alberto-fraga","tag-bolsonaro","tag-carlos-bolsonaro","tag-cpi-da-vaza-jato","tag-lei-de-abuso-de-autoridade"],"_links":{"self":[{"href":"https:\/\/blogs2.correiobraziliense.com.br\/denise\/wp-json\/wp\/v2\/posts\/4138","targetHints":{"allow":["GET"]}}],"collection":[{"href":"https:\/\/blogs2.correiobraziliense.com.br\/denise\/wp-json\/wp\/v2\/posts"}],"about":[{"href":"https:\/\/blogs2.correiobraziliense.com.br\/denise\/wp-json\/wp\/v2\/types\/post"}],"author":[{"embeddable":true,"href":"https:\/\/blogs2.correiobraziliense.com.br\/denise\/wp-json\/wp\/v2\/users\/29"}],"replies":[{"embeddable":true,"href":"https:\/\/blogs2.correiobraziliense.com.br\/denise\/wp-json\/wp\/v2\/comments?post=4138"}],"version-history":[{"count":3,"href":"https:\/\/blogs2.correiobraziliense.com.br\/denise\/wp-json\/wp\/v2\/posts\/4138\/revisions"}],"predecessor-version":[{"id":4142,"href":"https:\/\/blogs2.correiobraziliense.com.br\/denise\/wp-json\/wp\/v2\/posts\/4138\/revisions\/4142"}],"wp:featuredmedia":[{"embeddable":true,"href":"https:\/\/blogs2.correiobraziliense.com.br\/denise\/wp-json\/wp\/v2\/media\/4139"}],"wp:attachment":[{"href":"https:\/\/blogs2.correiobraziliense.com.br\/denise\/wp-json\/wp\/v2\/media?parent=4138"}],"wp:term":[{"taxonomy":"category","embeddable":true,"href":"https:\/\/blogs2.correiobraziliense.com.br\/denise\/wp-json\/wp\/v2\/categories?post=4138"},{"taxonomy":"post_tag","embeddable":true,"href":"https:\/\/blogs2.correiobraziliense.com.br\/denise\/wp-json\/wp\/v2\/tags?post=4138"}],"curies":[{"name":"wp","href":"https:\/\/api.w.org\/{rel}","templated":true}]}}