{"id":4152,"date":"2019-09-16T08:29:26","date_gmt":"2019-09-16T11:29:26","guid":{"rendered":"https:\/\/blogs2.correiobraziliense.com.br\/denise\/?p=4152"},"modified":"2019-09-16T08:29:26","modified_gmt":"2019-09-16T11:29:26","slug":"governo-prepara-mais-cortes-em-cargos-de-comissao-em-varias-areas-agencias-e-empresas","status":"publish","type":"post","link":"https:\/\/blogs2.correiobraziliense.com.br\/denise\/governo-prepara-mais-cortes-em-cargos-de-comissao-em-varias-areas-agencias-e-empresas\/","title":{"rendered":"Governo prepara mais cortes em cargos de comiss\u00e3o em v\u00e1rias \u00e1reas, ag\u00eancias e empresas"},"content":{"rendered":"<h6><strong>Coluna Bras\u00edlia-DF<\/strong><\/h6>\n<p>Nem s\u00f3 de privatiza\u00e7\u00f5es vive o projeto do governo de tentar se adequar ao teto de gastos. V\u00eam por a\u00ed mais cortes em cargos de comiss\u00e3o em v\u00e1rias \u00e1reas, ag\u00eancias e empresas. Os estudos sobre as novas tesouradas est\u00e3o guardados a sete chaves para n\u00e3o alarmar os servidores e, em breve, ser\u00e3o enviados \u00e0 Casa Civil.<\/p>\n<h2>\n<strong>Resolvam esse imbr\u00f3glio<\/strong><\/h2>\n<p>Tem muita gente na atual equipe econ\u00f4mica disposta a dar o seguinte ultimato aos governadores que buscam socorro da Uni\u00e3o para equilibrar as contas. Primeiro, deem um jeito no \u201cmiser\u00ea\u201d daqueles que terminam consumindo boa parte dos ajustes. Referiam-se a procuradores, como o de Minas Gerais, que, gra\u00e7as a penduricalhos, chegou a ter contracheques que, em m\u00e9dia, representaram R$ 68 mil.<\/p>\n<h2>\n<strong>S\u00f3 tem um probleminha<\/strong><\/h2>\n<p>Governadores que tentaram resolver n\u00e3o conseguiram. No Rio Grande do Sul, Eduardo Leite buscou reajuste zero para todos os Poderes, mas o Judici\u00e1rio reclamou e conseguiu liminar. Agora, o caso vir\u00e1 para o Supremo Tribunal Federal.<\/p>\n<h2><strong>Davi e os le\u00f5es<\/strong><\/h2>\n<p>A Mesa Diretora do Senado n\u00e3o fez sequer uma reuni\u00e3o este ano. Com isso, est\u00e3o parados todos os pedidos de informa\u00e7\u00f5es das excel\u00eancias aos minist\u00e9rios e empresas p\u00fablicas. H\u00e1, pelo menos, 60 esperando delibera\u00e7\u00e3o, alguns desde o in\u00edcio do ano.<\/p>\n<p>O governo agradece, afinal, ganha tempo e n\u00e3o precisa se preocupar em enviar nada, nem ser cobrado por atrasos. J\u00e1 os senadores dizem que, se o atual presidente, Davi Alcolumbre (DEM-AP), pudesse concorrer \u00e0 reelei\u00e7\u00e3o \u2014 n\u00e3o pode, porque \u00e9 dentro da mesma legislatura \u2014, n\u00e3o teria mais o apoio do grupo que o elegeu.<\/p>\n<p>Parte dessa turma est\u00e1 se sentindo abandonada pelo l\u00edder. N\u00e3o por acaso, Alcolumbre se mostra menos radical quando alguns lhe perguntam sobre a CPI da Lava-Toga. Quem o conhece garante que \u00e9 uma forma de ganhar tempo a fim de organizar o jogo para as pr\u00f3ximas semanas.<\/p>\n<h2>\n<strong>Todos por Moro<\/strong><\/h2>\n<p>O senador \u00c1lvaro Dias (Podemos-PR) conseguiu chamar a aten\u00e7\u00e3o de pol\u00edticos ligados ao Planalto. Ele \u00e9 um potencial candidato a presidente da Rep\u00fablica pr\u00f3ximo do ministro da Justi\u00e7a, S\u00e9rgio Moro. E, para completar, vem crescendo o partido. N\u00e3o por acaso, o presidente Jair Bolsonaro fez quest\u00e3o de desfilar ao lado ao ministro no 7 de Setembro e a l\u00edder Joice Hasselman corre para segurar a CPI da Lava-Jato.<\/p>\n<h2>\n<strong><em>CURTIDAS<\/em><\/strong><\/h2>\n<p><strong>Fa\u00e7am como eles\/<\/strong> Dia desses, no Planalto, assessores lembravam que, tanto os ministros Tereza Cristina (Agricultura), quanto Tarc\u00edsio Gomes de Freitas (Infraestrutura), n\u00e3o ficam em assuntos perif\u00e9ricos. Nas redes sociais, sempre falam sobre as boas not\u00edcias das pastas, diferentemente de outros que passam muito tempo atacando advers\u00e1rios e xingando as pessoas. A ordem \u00e9 transform\u00e1-los em exemplos do que deve ser feito no governo.<\/p>\n<p><strong>Por falar em Tereza\u2026\/<\/strong> Antes de viajar aos pa\u00edses \u00e1rabes, a ministra conseguiu evitar a derrubada do decreto que ampliou a cota de importa\u00e7\u00e3o de etanol de milho dos Estados Unidos. No Egito, a abertura de mercado aos produtos l\u00e1cteos brasileiros.<\/p>\n<p><strong>Chiquinho versus Santos Cruz I\/<\/strong> Ao ler na revista Cruso\u00e9 que o ex-ministro da Secretaria de Governo general Santos Cruz teria dito que Bolsonaro estaria disposto a tudo para salvar Fl\u00e1vio Bolsonaro, o ex-senador Chiquinho Esc\u00f3rcio tripudiou: \u201cEu disse que ele n\u00e3o entendia nada pol\u00edtica. Saiu com um ressentimento t\u00e3o grande que come\u00e7a a agredir aqueles que confiaram nele, no caso, o presidente Bolsonaro\u201d.<\/p>\n<p><strong>Chiquinho versus Santos Cruz II\/<\/strong> Logo no in\u00edcio do governo, o ent\u00e3o ministro Santos Cruz ligou para o ex-senador e avisou que ele estava demitido. Chiquinho, que funcionava como uma esp\u00e9cie de radar para identificar e antecipar poss\u00edveis problemas do governo no Congresso, foi direto: \u201cO senhor nem me conhece e j\u00e1 est\u00e1 me mandando embora? Logo se v\u00ea que n\u00e3o entende nada de pol\u00edtica\u201d.<\/p>\n","protected":false},"excerpt":{"rendered":"<p>Coluna Bras\u00edlia-DF Nem s\u00f3 de privatiza\u00e7\u00f5es vive o projeto do governo de tentar se adequar ao teto de gastos. V\u00eam por a\u00ed mais cortes em cargos de comiss\u00e3o em v\u00e1rias \u00e1reas, ag\u00eancias e empresas. Os estudos sobre as novas tesouradas est\u00e3o guardados a sete chaves para n\u00e3o alarmar os servidores e, em breve, ser\u00e3o enviados [&hellip;]<\/p>\n","protected":false},"author":29,"featured_media":4153,"comment_status":"closed","ping_status":"closed","sticky":false,"template":"","format":"standard","meta":{"wpb_read_more":[],"footnotes":""},"categories":[4],"tags":[],"class_list":["post-4152","post","type-post","status-publish","format-standard","has-post-thumbnail","hentry","category-coluna-brasilia-df"],"_links":{"self":[{"href":"https:\/\/blogs2.correiobraziliense.com.br\/denise\/wp-json\/wp\/v2\/posts\/4152","targetHints":{"allow":["GET"]}}],"collection":[{"href":"https:\/\/blogs2.correiobraziliense.com.br\/denise\/wp-json\/wp\/v2\/posts"}],"about":[{"href":"https:\/\/blogs2.correiobraziliense.com.br\/denise\/wp-json\/wp\/v2\/types\/post"}],"author":[{"embeddable":true,"href":"https:\/\/blogs2.correiobraziliense.com.br\/denise\/wp-json\/wp\/v2\/users\/29"}],"replies":[{"embeddable":true,"href":"https:\/\/blogs2.correiobraziliense.com.br\/denise\/wp-json\/wp\/v2\/comments?post=4152"}],"version-history":[{"count":1,"href":"https:\/\/blogs2.correiobraziliense.com.br\/denise\/wp-json\/wp\/v2\/posts\/4152\/revisions"}],"predecessor-version":[{"id":4154,"href":"https:\/\/blogs2.correiobraziliense.com.br\/denise\/wp-json\/wp\/v2\/posts\/4152\/revisions\/4154"}],"wp:featuredmedia":[{"embeddable":true,"href":"https:\/\/blogs2.correiobraziliense.com.br\/denise\/wp-json\/wp\/v2\/media\/4153"}],"wp:attachment":[{"href":"https:\/\/blogs2.correiobraziliense.com.br\/denise\/wp-json\/wp\/v2\/media?parent=4152"}],"wp:term":[{"taxonomy":"category","embeddable":true,"href":"https:\/\/blogs2.correiobraziliense.com.br\/denise\/wp-json\/wp\/v2\/categories?post=4152"},{"taxonomy":"post_tag","embeddable":true,"href":"https:\/\/blogs2.correiobraziliense.com.br\/denise\/wp-json\/wp\/v2\/tags?post=4152"}],"curies":[{"name":"wp","href":"https:\/\/api.w.org\/{rel}","templated":true}]}}