{"id":4273,"date":"2019-10-08T08:52:22","date_gmt":"2019-10-08T11:52:22","guid":{"rendered":"https:\/\/blogs2.correiobraziliense.com.br\/denise\/?p=4273"},"modified":"2019-10-08T08:52:22","modified_gmt":"2019-10-08T11:52:22","slug":"apos-vetos-de-bolsonaro-guedes-precisa-de-um-plano-b","status":"publish","type":"post","link":"https:\/\/blogs2.correiobraziliense.com.br\/denise\/apos-vetos-de-bolsonaro-guedes-precisa-de-um-plano-b\/","title":{"rendered":"Ap\u00f3s vetos de Bolsonaro, Guedes precisa de um plano B"},"content":{"rendered":"<h6><strong>Coluna Bras\u00edlia-DF<\/strong><\/h6>\n<p>Com a <strong>reforma da Previd\u00eancia<\/strong> nos \u00faltimos cap\u00edtulos no Congresso, o <strong>Minist\u00e9rio da Economia<\/strong> tem se especializado em testar at\u00e9 onde pode ir em rela\u00e7\u00e3o a propostas mais heterodoxas. A primeira foi a volta da <strong>CPMF<\/strong>, a Contribui\u00e7\u00e3o Provis\u00f3ria sobre Movimenta\u00e7\u00e3o Financeira. Em seguida, a ideia de privatizar tudo. Depois, vieram as not\u00edcias de fim da estabilidade para os futuros servidores p\u00fablicos \u2014 e alguns insistindo, inclusive, que deveria testar isso para quem est\u00e1 entrando agora. E, para completar, surgiu a ideia de quebrar o monop\u00f3lio da Caixa Econ\u00f4mica em rela\u00e7\u00e3o ao FGTS. Em todos os casos, a rea\u00e7\u00e3o do presidente Jair Bolsonaro foi cabecear as bolas para fora do campo e n\u00e3o permitir o retorno.<\/p>\n<p>Embora Paulo Guedes ainda tenha todo o respaldo do presidente, conforme Bolsonaro disse em entrevista ao jornal<em> O Estado de S.Paulo<\/em>, nos bastidores h\u00e1 quem diga que o ministro precisa preparar logo o seu plano B para evitar que o presidente estoure mais bal\u00f5es lan\u00e7ados pela equipe da Economia. Afinal, cabe ao ministro equilibrar o que pode ser feito do ponto de vista t\u00e9cnico com o que \u00e9 pass\u00edvel de aprova\u00e7\u00e3o politicamente \u2014 algo que o presidente, um ex-parlamentar, sabe de cor e salteado.<\/p>\n<h2><strong>Peso dois na tribut\u00e1ria<\/strong><\/h2>\n<p>O projeto de reforma tribut\u00e1ria em tramita\u00e7\u00e3o na C\u00e2mara dos Deputados vem sendo tratado intramuros no MDB como a chance de o partido tirar uma casquinha dessa proposta. Afinal, quem assina o projeto \u00e9 o deputado Baleia Rossi (SP), que acaba de virar presidente do partido. A ordem agora \u00e9 dar um jeito de fechar todos os votos da legenda em favor da proposta e trabalhar ainda o apoio dos senadores, onde o MDB ainda \u00e9 a maior bancada.<\/p>\n<h2><strong>Arruma outra &#8220;carona&#8221;<\/strong><\/h2>\n<p>O Republicanos n\u00e3o quer saber de ser o trampolim para candidatos do PSL ou de outros partidos nas elei\u00e7\u00f5es municipais. Seguindo \u00e0 risca a m\u00e1xima de que &#8220;quem n\u00e3o joga n\u00e3o tem torcida&#8221;, ele recomendou aos filiados que se dediquem a lan\u00e7ar candidatos pr\u00f3prios nos munic\u00edpios com mais de 200 mil habitantes.<\/p>\n<h2><strong>Por falar em candidaturas\u2026<\/strong><\/h2>\n<p>Os partidos n\u00e3o querem saber de servir de trampolim para ningu\u00e9m. Essas elei\u00e7\u00f5es, garantem os especialistas dos partidos, sem coliga\u00e7\u00f5es proporcionais, prometem uma profus\u00e3o de candidatos a prefeito para alavancar os partidos na busca por espa\u00e7os nas c\u00e2maras de vereadores. Explica-se: uma candidatura pr\u00f3pria a prefeito sempre d\u00e1 mais visibilidade a qualquer legenda.<\/p>\n<h2><strong>Onde mora o desafio para 03<\/strong><\/h2>\n<p>Bolsonaro deixou nas m\u00e3os de Eduardo a decis\u00e3o final sobre a Embaixada em Washington. Embora aprove a empreitada e considere o filho preparado, o deputado ficar\u00e1 ineleg\u00edvel em 2022, caso seja aprovado embaixador e renuncie ao mandato. Ele \u00e9 filho do presidente da Rep\u00fablica e, portanto, n\u00e3o poder\u00e1 ser candidato a nada. Se cumprir o mandato, poder\u00e1 concorrer \u00e0 reelei\u00e7\u00e3o.<\/p>\n<p><strong>N\u00e3o foi por falta de &#8220;condu\u00e7\u00e3o&#8221;\/<\/strong> O governador do Distrito Federal, Ibaneis Rocha, deixou seu avi\u00e3o \u00e0 disposi\u00e7\u00e3o do ex-presidente Michel Temer para a viagem a Bras\u00edlia, palco da conven\u00e7\u00e3o do MDB. Temer, entretanto, como adiantou a coluna, preferiu n\u00e3o arriscar. Vai que enfrenta alguma manifesta\u00e7\u00e3o na entrada do evento.<\/p>\n<p><strong>Perdem o amigo&#8230;\/<\/strong> \u2026 Mas n\u00e3o a piada. Na plateia da conven\u00e7\u00e3o, eis que algu\u00e9m pergunta a um ex-deputado: &#8220;Cad\u00ea o Michel?&#8221; E o fulano responde: &#8220;Deve estar chegando, Cerver\u00f3 deixou o avi\u00e3o \u00e0 disposi\u00e7\u00e3o dele&#8221;. Diante da incredulidade do interlocutor, o ex-deputado responde: &#8220;Sim! Esqueceu do apelido do governador do DF?&#8221;<\/p>\n<p><strong>Abrig em chamas\/<\/strong> A Associa\u00e7\u00e3o Brasileira de Rela\u00e7\u00f5es Institucionais e Governamentais (Abrig) est\u00e1 com um racha interno sem precedentes. A entidade ganhou visibilidade nos \u00faltimos anos, mas rachou com a sa\u00edda da vice-presidente \u00c2ngela Rehem, numa carta em que disse discordar do modus operandi da Associa\u00e7\u00e3o e, de quebra, faz votos para que &#8220;se oriente pelos princ\u00edpios da transpar\u00eancia, \u00e9tica, integridade, impessoalidade e neutralidade pol\u00edtica&#8221;.<\/p>\n<p><strong>Noite de aut\u00f3grafos\/<\/strong> Rodrigo Janot lan\u00e7a hoje, \u00e0s 19h, na Leitura do Pier 21, o livro Nada menos que tudo, obra que rendeu muita pol\u00eamica, inclu\u00edda at\u00e9 na a\u00e7\u00e3o do ex-presidente Lula em busca da liberdade. O lan\u00e7amento, depois que o livro vazou nas redes sociais, perdeu um pouco o impacto, mas a expectativa \u00e9 grande.<\/p>\n","protected":false},"excerpt":{"rendered":"<p>Coluna Bras\u00edlia-DF Com a reforma da Previd\u00eancia nos \u00faltimos cap\u00edtulos no Congresso, o Minist\u00e9rio da Economia tem se especializado em testar at\u00e9 onde pode ir em rela\u00e7\u00e3o a propostas mais heterodoxas. A primeira foi a volta da CPMF, a Contribui\u00e7\u00e3o Provis\u00f3ria sobre Movimenta\u00e7\u00e3o Financeira. Em seguida, a ideia de privatizar tudo. Depois, vieram as not\u00edcias [&hellip;]<\/p>\n","protected":false},"author":29,"featured_media":4274,"comment_status":"closed","ping_status":"closed","sticky":false,"template":"","format":"standard","meta":{"wpb_read_more":[],"footnotes":""},"categories":[4],"tags":[28,198,49],"class_list":["post-4273","post","type-post","status-publish","format-standard","has-post-thumbnail","hentry","category-coluna-brasilia-df","tag-bolsonaro","tag-cpmf","tag-paulo-guedes"],"_links":{"self":[{"href":"https:\/\/blogs2.correiobraziliense.com.br\/denise\/wp-json\/wp\/v2\/posts\/4273","targetHints":{"allow":["GET"]}}],"collection":[{"href":"https:\/\/blogs2.correiobraziliense.com.br\/denise\/wp-json\/wp\/v2\/posts"}],"about":[{"href":"https:\/\/blogs2.correiobraziliense.com.br\/denise\/wp-json\/wp\/v2\/types\/post"}],"author":[{"embeddable":true,"href":"https:\/\/blogs2.correiobraziliense.com.br\/denise\/wp-json\/wp\/v2\/users\/29"}],"replies":[{"embeddable":true,"href":"https:\/\/blogs2.correiobraziliense.com.br\/denise\/wp-json\/wp\/v2\/comments?post=4273"}],"version-history":[{"count":1,"href":"https:\/\/blogs2.correiobraziliense.com.br\/denise\/wp-json\/wp\/v2\/posts\/4273\/revisions"}],"predecessor-version":[{"id":4275,"href":"https:\/\/blogs2.correiobraziliense.com.br\/denise\/wp-json\/wp\/v2\/posts\/4273\/revisions\/4275"}],"wp:featuredmedia":[{"embeddable":true,"href":"https:\/\/blogs2.correiobraziliense.com.br\/denise\/wp-json\/wp\/v2\/media\/4274"}],"wp:attachment":[{"href":"https:\/\/blogs2.correiobraziliense.com.br\/denise\/wp-json\/wp\/v2\/media?parent=4273"}],"wp:term":[{"taxonomy":"category","embeddable":true,"href":"https:\/\/blogs2.correiobraziliense.com.br\/denise\/wp-json\/wp\/v2\/categories?post=4273"},{"taxonomy":"post_tag","embeddable":true,"href":"https:\/\/blogs2.correiobraziliense.com.br\/denise\/wp-json\/wp\/v2\/tags?post=4273"}],"curies":[{"name":"wp","href":"https:\/\/api.w.org\/{rel}","templated":true}]}}