{"id":4289,"date":"2019-10-09T07:34:24","date_gmt":"2019-10-09T10:34:24","guid":{"rendered":"https:\/\/blogs2.correiobraziliense.com.br\/denise\/?p=4289"},"modified":"2019-10-09T07:34:24","modified_gmt":"2019-10-09T10:34:24","slug":"melhora-avaliacao-do-governo-bolsonaro-entre-parlamentares","status":"publish","type":"post","link":"https:\/\/blogs2.correiobraziliense.com.br\/denise\/melhora-avaliacao-do-governo-bolsonaro-entre-parlamentares\/","title":{"rendered":"Melhora avalia\u00e7\u00e3o do governo Bolsonaro entre parlamentares"},"content":{"rendered":"<h6>Coluna Bras\u00edlia-DF<\/h6>\n<p>A consultoria Capital Pol\u00edtico foi conferir o que os parlamentares pensam do governo Bolsonaro e de seus ministros. Descobriu uma melhora significativa em rela\u00e7\u00e3o a abril. Naquele m\u00eas, a nota para a rela\u00e7\u00e3o entre governo-Congresso, de 0 a 10, ficou em 3,6 no geral. Agora, subiu para 5,1. \u201cAgora o governo tem um status que sugere que o Planalto tem capacidade de prever o resultado de suas iniciativas legislativas e canais razoavelmente abertos junto ao Parlamento\u201d.<\/p>\n<h2>\n<strong>\u2026 e a Tribut\u00e1ria sai<\/strong><\/h2>\n<p>Dos 139 deputados ouvidos, 53% consideram que a reforma Tribut\u00e1ria passa. A PEC 45, proposta apresentada pelo novo presidente do MDB, Baleia Rossi, com base no projeto do economista Bernard Appy, \u00e9 vista como aquela com mais chances de aprova\u00e7\u00e3o por 47% dos entrevistados.<\/p>\n<h2>\n<strong>Curtidas<\/strong><\/h2>\n<p><strong>Mandetta, o boa pra\u00e7a\/<\/strong> O ministro da Sa\u00fade, Luiz Henrique Mandetta, ficou em primeiro lugar, com 12% das cita\u00e7\u00f5es como o ministro que tem a melhor rela\u00e7\u00e3o com o Parlamento. O ministro da Economia, Paulo Guedes, e a da Agricultura, Tereza Cristina, empataram com 9% das cita\u00e7\u00f5es cada um. O dos Transportes, Tarc\u00edsio Gomes de Freitas, ficou com 8%. S\u00e9rgio Moro (Justi\u00e7a) e Marcos Pontes (MCT) ficaram com 5% cada um.<\/p>\n<p><strong>Nem tanto\/<\/strong> O governo, por\u00e9m, precisa ficar atento no quesito da rela\u00e7\u00e3o de seus ministros com o Congresso: 14% das excel\u00eancias ouvidas consideraram que nenhum deles tem uma boa rela\u00e7\u00e3o e 14% n\u00e3o souberam responder.<\/p>\n<p><strong>O precursor\/<\/strong> O ministro de Ci\u00eancia e Tecnologia, Marcos Pontes, tem se dedicado a preparar os acordos que Bolsonaro assina em suas viagens internacionais. Para os Emirados \u00c1rabes e Catar, uma das pr\u00f3ximas paradas do presidente, vir\u00e3o acertos na \u00e1rea de intelig\u00eancia artificial.<\/p>\n<p><strong>O astronauta\/<\/strong> A carreira de Pontes ajuda a abrir portas. Por onde passa, h\u00e1 curiosidade sobre o seu per\u00edodo na Nasa. Nos Emirados, por exemplo, o seu cicerone disse que o pr\u00edncipe herdeiro falava pouco, e a conversa, pedida pelo pr\u00edncipe, seria curta. Mohammed bin Zayed Al Nahyan conversou com o ministro por 40 minutos e saiu entusiasmado em fechar acordo com o Brasil.<\/p>\n","protected":false},"excerpt":{"rendered":"<p>Coluna Bras\u00edlia-DF A consultoria Capital Pol\u00edtico foi conferir o que os parlamentares pensam do governo Bolsonaro e de seus ministros. Descobriu uma melhora significativa em rela\u00e7\u00e3o a abril. Naquele m\u00eas, a nota para a rela\u00e7\u00e3o entre governo-Congresso, de 0 a 10, ficou em 3,6 no geral. Agora, subiu para 5,1. \u201cAgora o governo tem um [&hellip;]<\/p>\n","protected":false},"author":29,"featured_media":3901,"comment_status":"closed","ping_status":"closed","sticky":false,"template":"","format":"standard","meta":{"wpb_read_more":[],"footnotes":""},"categories":[4],"tags":[],"class_list":["post-4289","post","type-post","status-publish","format-standard","has-post-thumbnail","hentry","category-coluna-brasilia-df"],"_links":{"self":[{"href":"https:\/\/blogs2.correiobraziliense.com.br\/denise\/wp-json\/wp\/v2\/posts\/4289","targetHints":{"allow":["GET"]}}],"collection":[{"href":"https:\/\/blogs2.correiobraziliense.com.br\/denise\/wp-json\/wp\/v2\/posts"}],"about":[{"href":"https:\/\/blogs2.correiobraziliense.com.br\/denise\/wp-json\/wp\/v2\/types\/post"}],"author":[{"embeddable":true,"href":"https:\/\/blogs2.correiobraziliense.com.br\/denise\/wp-json\/wp\/v2\/users\/29"}],"replies":[{"embeddable":true,"href":"https:\/\/blogs2.correiobraziliense.com.br\/denise\/wp-json\/wp\/v2\/comments?post=4289"}],"version-history":[{"count":1,"href":"https:\/\/blogs2.correiobraziliense.com.br\/denise\/wp-json\/wp\/v2\/posts\/4289\/revisions"}],"predecessor-version":[{"id":4291,"href":"https:\/\/blogs2.correiobraziliense.com.br\/denise\/wp-json\/wp\/v2\/posts\/4289\/revisions\/4291"}],"wp:featuredmedia":[{"embeddable":true,"href":"https:\/\/blogs2.correiobraziliense.com.br\/denise\/wp-json\/wp\/v2\/media\/3901"}],"wp:attachment":[{"href":"https:\/\/blogs2.correiobraziliense.com.br\/denise\/wp-json\/wp\/v2\/media?parent=4289"}],"wp:term":[{"taxonomy":"category","embeddable":true,"href":"https:\/\/blogs2.correiobraziliense.com.br\/denise\/wp-json\/wp\/v2\/categories?post=4289"},{"taxonomy":"post_tag","embeddable":true,"href":"https:\/\/blogs2.correiobraziliense.com.br\/denise\/wp-json\/wp\/v2\/tags?post=4289"}],"curies":[{"name":"wp","href":"https:\/\/api.w.org\/{rel}","templated":true}]}}