{"id":4292,"date":"2019-10-10T07:56:01","date_gmt":"2019-10-10T10:56:01","guid":{"rendered":"https:\/\/blogs2.correiobraziliense.com.br\/denise\/?p=4292"},"modified":"2019-10-10T07:56:01","modified_gmt":"2019-10-10T10:56:01","slug":"evangelicos-deixarao-o-dem-em-caso-de-filiacao-de-huck","status":"publish","type":"post","link":"https:\/\/blogs2.correiobraziliense.com.br\/denise\/evangelicos-deixarao-o-dem-em-caso-de-filiacao-de-huck\/","title":{"rendered":"Evang\u00e9licos deixar\u00e3o o DEM em caso de filia\u00e7\u00e3o de Huck"},"content":{"rendered":"<h6><strong>Coluna Bras\u00edlia-DF<\/strong><\/h6>\n<p>A hip\u00f3tese da filia\u00e7\u00e3o de <strong>Luciano Huck<\/strong> ao <strong>Democratas<\/strong> far\u00e1 encolher o partido comandado por <strong>ACM Neto<\/strong>. A ala mais conservadora, formada por deputados evang\u00e9licos, j\u00e1 fez chegar aos interessados que, com Huck, n\u00e3o d\u00e1. Esses deputados classificam Huck como \u201cGlobo demais\u201d para receber o apoio desse grupo. Logo, o DEM ter\u00e1 que escolher: Huck ou os deputados evang\u00e9licos.<\/p>\n<h2>\n<strong>\u2026 E o PSL j\u00e1 rachou<\/strong><\/h2>\n<p>No encontro de 16 deputados do PSL com o presidente Jair Bolsonaro e advogados eleitorais ontem, tirou-se como \u00faltima forma a de que ele permanece no partido. Na nota em apoio ao presidente, assinada por 20 deputados, o \u201cX\u201d da quest\u00e3o est\u00e1 na cobran\u00e7a de transpar\u00eancia por parte dos dirigentes pesselistas, leia-se Luciano Bivar. \u00c9 por a\u00ed que se dar\u00e3o as pr\u00f3ximas batalhas dentro do partido (ainda) de Jair Bolsonaro.<\/p>\n<h2>\n<strong>Pr\u00f3ximos passos<\/strong><\/h2>\n<p>A ideia do grupo mais ligado ao presidente \u00e9 seguir com ele para o partido que ele escolher, caso a crise n\u00e3o seja contornada. Antes de chegar a essa fase, entretanto, trabalhar\u00e3o para tentar agregar pelo menos 30 dos 52 integrantes da bancada em defesa do presidente e sua perman\u00eancia no PSL.<\/p>\n<h2>\n<strong>O ativo de Bivar<\/strong><\/h2>\n<p>O presidente do PSL, Luciano Bivar, tem um grande trunfo para tentar manter os deputados ao seu lado: controle do milion\u00e1rio fundo que financiar\u00e1 as campanhas de 2020 e 2022. Ningu\u00e9m quer sair e deixar a fortuna de R$ 700 milh\u00f5es para tr\u00e1s.<\/p>\n<h2>\n<strong>Descolou geral<\/strong><\/h2>\n<p>Enquanto o presidente Jair Bolsonaro e Bivar consomem energia criando e resolvendo problemas dentro do PSL, a C\u00e2mara e o Senado v\u00e3o tocando a vida. Ontem, aprovaram a Lei de Diretrizes Or\u00e7ament\u00e1rias (LDO) e o projeto de lei que remaneja recursos para atendimentos das emendas parlamentares. De quebra, ainda h\u00e1 uma nova proposta de emenda constitucional que p\u00f5e a reforma sindical na roda.<\/p>\n<h2>\n<strong>Agora \u00e9 que n\u00e3o sai nada<\/strong><\/h2>\n<p>Com a aprova\u00e7\u00e3o do projeto que ir\u00e1 permitir o pagamento de emendas de deputados, muitos consideram cumprida a miss\u00e3o com o governo este ano. Ou seja, se o governo quiser aprovar a PEC paralela da reforma da Previd\u00eancia, ter\u00e1 que debitar de uma nova conta. Este ano, por\u00e9m, n\u00e3o sai mais nada.<\/p>\n<p><strong>Menos, presidente, menos\/<\/strong> A amizade que mant\u00e9m, h\u00e1 anos, com o presidente Jair Bolsonaro transforma o ex-deputado Alberto Fraga num dos poucos que n\u00e3o esconde a sua vis\u00e3o real das coisas. Foi ele, por exemplo, que pediu ao presidente que dispense as conversinhas na porta do Alvorada.<\/p>\n<p><strong>E o Janot, hein?\/<\/strong> Enquanto ele autografava seu livro na Leitura do Pier 21, em Bras\u00edlia, num outro ponto da cidade, um grupo se lembrava da m\u00fasica de Elizeth Cardoso, de 1953: \u201cAi, ai, Janot, sua inten\u00e7\u00e3o falhou\/voc\u00ea prometeu chover\/n\u00e3o choveu\/que calor\/que calor\/que calor\u201d. E segue o baile: \u201cDesta sua inten\u00e7\u00e3o, ningu\u00e9m pode duvidar\/talvez mais tarde venha a melhorar\/ s\u00f3 sei dizer que escureceu\/ Mas n\u00e3o choveu, n\u00e3o choveu\/ n\u00e3o choveu\u201d.<\/p>\n<p><strong>Garoa\/<\/strong> Com o seu <em>Nada menos que tudo<\/em>, Janot n\u00e3o fez chover, nem gerou um best-seller. Em S\u00e3o Paulo, vendeu pouco no lan\u00e7amento, menos de 30 livros. Ontem, em Bras\u00edlia, as autoridades evitaram o evento, mas ele autografou 220 livros. Um n\u00famero consider\u00e1vel. Por\u00e9m, longe de parecer um dil\u00favio.<\/p>\n<p><strong>Em nome de irm\u00e3 Dulce\/<\/strong> Mal saiu a not\u00edcia de que o vice-presidente Hamilton Mour\u00e3o e as comitivas de parlamentares iriam no mesmo avi\u00e3o, a turma da oposi\u00e7\u00e3o mandou perguntar como seria a viagem dos senadores. Tinha gente preocupada em seguir no mesmo voo que o vice-presidente. Tem coisas que nem a santidade de irm\u00e3 Dulce \u00e9 capaz de unir.<\/p>\n","protected":false},"excerpt":{"rendered":"<p>Coluna Bras\u00edlia-DF A hip\u00f3tese da filia\u00e7\u00e3o de Luciano Huck ao Democratas far\u00e1 encolher o partido comandado por ACM Neto. A ala mais conservadora, formada por deputados evang\u00e9licos, j\u00e1 fez chegar aos interessados que, com Huck, n\u00e3o d\u00e1. Esses deputados classificam Huck como \u201cGlobo demais\u201d para receber o apoio desse grupo. Logo, o DEM ter\u00e1 que [&hellip;]<\/p>\n","protected":false},"author":29,"featured_media":4293,"comment_status":"closed","ping_status":"closed","sticky":false,"template":"","format":"standard","meta":{"wpb_read_more":[],"footnotes":""},"categories":[4],"tags":[44,29,159],"class_list":["post-4292","post","type-post","status-publish","format-standard","has-post-thumbnail","hentry","category-coluna-brasilia-df","tag-dem","tag-evangelicos","tag-luciano-huck"],"_links":{"self":[{"href":"https:\/\/blogs2.correiobraziliense.com.br\/denise\/wp-json\/wp\/v2\/posts\/4292","targetHints":{"allow":["GET"]}}],"collection":[{"href":"https:\/\/blogs2.correiobraziliense.com.br\/denise\/wp-json\/wp\/v2\/posts"}],"about":[{"href":"https:\/\/blogs2.correiobraziliense.com.br\/denise\/wp-json\/wp\/v2\/types\/post"}],"author":[{"embeddable":true,"href":"https:\/\/blogs2.correiobraziliense.com.br\/denise\/wp-json\/wp\/v2\/users\/29"}],"replies":[{"embeddable":true,"href":"https:\/\/blogs2.correiobraziliense.com.br\/denise\/wp-json\/wp\/v2\/comments?post=4292"}],"version-history":[{"count":1,"href":"https:\/\/blogs2.correiobraziliense.com.br\/denise\/wp-json\/wp\/v2\/posts\/4292\/revisions"}],"predecessor-version":[{"id":4294,"href":"https:\/\/blogs2.correiobraziliense.com.br\/denise\/wp-json\/wp\/v2\/posts\/4292\/revisions\/4294"}],"wp:featuredmedia":[{"embeddable":true,"href":"https:\/\/blogs2.correiobraziliense.com.br\/denise\/wp-json\/wp\/v2\/media\/4293"}],"wp:attachment":[{"href":"https:\/\/blogs2.correiobraziliense.com.br\/denise\/wp-json\/wp\/v2\/media?parent=4292"}],"wp:term":[{"taxonomy":"category","embeddable":true,"href":"https:\/\/blogs2.correiobraziliense.com.br\/denise\/wp-json\/wp\/v2\/categories?post=4292"},{"taxonomy":"post_tag","embeddable":true,"href":"https:\/\/blogs2.correiobraziliense.com.br\/denise\/wp-json\/wp\/v2\/tags?post=4292"}],"curies":[{"name":"wp","href":"https:\/\/api.w.org\/{rel}","templated":true}]}}