{"id":4514,"date":"2019-11-21T08:28:25","date_gmt":"2019-11-21T11:28:25","guid":{"rendered":"https:\/\/blogs2.correiobraziliense.com.br\/denise\/?p=4514"},"modified":"2019-11-21T08:28:25","modified_gmt":"2019-11-21T11:28:25","slug":"legalizacao-dos-cassinos-volta-a-baila-mas-reacao-dos-evangelicos-preocupa-bolsonaro","status":"publish","type":"post","link":"https:\/\/blogs2.correiobraziliense.com.br\/denise\/legalizacao-dos-cassinos-volta-a-baila-mas-reacao-dos-evangelicos-preocupa-bolsonaro\/","title":{"rendered":"Legaliza\u00e7\u00e3o dos cassinos volta \u00e0 baila, mas rea\u00e7\u00e3o dos evang\u00e9licos preocupa Bolsonaro"},"content":{"rendered":"<h6><strong>Coluna Bras\u00edlia-DF<\/strong><\/h6>\n<p>Na conversa do presidente Jair Bolsonaro com deputados e senadores, ontem, no Planalto, a regulariza\u00e7\u00e3o dos cassinos no Brasil esteve entre os pratos principais. O l\u00edder do DEM, Elmar Nascimento (BA), puxou o tema e mencionou algo que soa como m\u00fasica para os ouvidos da equipe econ\u00f4mica: a arrecada\u00e7\u00e3o desse setor pode render ao governo algo em torno de R$ 20 bilh\u00f5es. Nada mal para um pa\u00eds que tem hoje R$ 19 bilh\u00f5es para investimentos.<\/p>\n<p>Bolsonaro n\u00e3o disse nem sim, nem n\u00e3o. Preocupado com a rea\u00e7\u00e3o dos evang\u00e9licos, o senador Luiz do Carmo (MDB-GO) retrucou: \u201cO senhor tem que ver a sua imagem, presidente\u201d. Elmar foi direto: \u201cImagem de presidente \u00e9 economia. Se vai para frente, imagem vai bem\u201d. Se o presidente conseguir vencer a resist\u00eancia evang\u00e9lica, \u00e9 a\u00ed que o governo tentar\u00e1 arrumar dinheiro extra para pagamento das contas.<\/p>\n<h2>\n<strong>Medidas na corda bamba I<\/strong><\/h2>\n<p>O governo que se prepare: cresce no Congresso o desejo de devolver n\u00e3o s\u00f3 a medida provis\u00f3ria que extinguiu o DPVAT, como aquela que criou a carteira Verde e Amarela. A isso, junte-se a m\u00e1 vontade para aprova\u00e7\u00e3o de cr\u00e9ditos suplementares ao Or\u00e7amento enquanto n\u00e3o houver uma defini\u00e7\u00e3o sobre como os recursos ser\u00e3o distribu\u00eddos.<\/p>\n<h2>\n<strong>Reformas na corda bamba II<\/strong><\/h2>\n<p>Pelo andar da carruagem, o governo n\u00e3o viver\u00e1 uma boa quadra nesta reta final de 2019 no parlamento. Nada tem um m\u00ednimo consenso entre os partidos para andar em ritmo acelerado. Se sair o pacote anticrime, estar\u00e1 de bom tamanho.<\/p>\n<h2>\n<strong>Confus\u00e3o total<\/strong><\/h2>\n<p>Na C\u00e2mara, a pris\u00e3o em segunda inst\u00e2ncia avan\u00e7ou uma casa, saiu da Comiss\u00e3o de Constitui\u00e7\u00e3o e Justi\u00e7a e vai para a Comiss\u00e3o Especial. No Senado, continua amarrada. Isso quer dizer que, por enquanto, n\u00e3o h\u00e1 acordo. E, ainda que uma Casa vote primeiro, ter\u00e1 que acertar com a outra e, de quebra, torcer para que o Supremo Tribunal Federal n\u00e3o acabe com a brincadeira logo em seguida.<\/p>\n<h2>\n<strong>Tem limite<\/strong><\/h2>\n<p>A tend\u00eancia do STF \u00e9 estabelecer que apenas uma autoriza\u00e7\u00e3o judicial permita o uso de dados do antigo Coaf ou da Unidade de Intelig\u00eancia Financeira. A d\u00favida de magistrados, entretanto, \u00e9 se haver\u00e1 alguma modula\u00e7\u00e3o no caso do ex-assessor Fabr\u00edcio Queiroz.<\/p>\n<p><strong>Ingrato \u00e9 pouco\/<\/strong> Bolsonaro n\u00e3o perde a chance de criticar o governador do Rio, Wilson Witzel. \u201cEle s\u00f3 pensa em disputar comigo. E olha que meu filho \u00e9 que elegeu ele\u201d, comentou o presidente com pol\u00edticos.<\/p>\n<p><strong>Sem jeito&#8230;\/<\/strong> A reuni\u00e3o na sala do presidente da C\u00e2mara, Rodrigo Maia (DEM-RJ), estava no fim quando o ministro da Secretaria de Governo, Luiz Eduardo Ramos, se levantou e disse que precisava ir porque ia almo\u00e7ar com Bolsonaro. No mesmo instante, voltou-se para o l\u00edder do DEM, Elmar Nascimento, e o do Solidariedade, Paulinho da For\u00e7a: \u201cVamos?\u201d<\/p>\n<p><strong>\u2026 mandou lembran\u00e7a\/<\/strong> O constrangimento foi grande. Os outros, que n\u00e3o haviam sido convidados, ficaram meio sem gra\u00e7a. Depois o governo n\u00e3o entende por que o Congresso est\u00e1 se transformando num pote at\u00e9 aqui de m\u00e1goas.<\/p>\n<p><strong>Ci\u00fames de pol\u00edtico\/<\/strong> Elmar e Paulinho sa\u00edram do almo\u00e7o direto para a casa de Rodrigo Maia, onde estavam outros l\u00edderes. Ao chegarem l\u00e1, o presidente da C\u00e2mara foi direto: \u201cVoc\u00eas j\u00e1 almo\u00e7aram com Bolsonaro, ent\u00e3o nem vem\u201d.<\/p>\n","protected":false},"excerpt":{"rendered":"<p>Coluna Bras\u00edlia-DF Na conversa do presidente Jair Bolsonaro com deputados e senadores, ontem, no Planalto, a regulariza\u00e7\u00e3o dos cassinos no Brasil esteve entre os pratos principais. O l\u00edder do DEM, Elmar Nascimento (BA), puxou o tema e mencionou algo que soa como m\u00fasica para os ouvidos da equipe econ\u00f4mica: a arrecada\u00e7\u00e3o desse setor pode render [&hellip;]<\/p>\n","protected":false},"author":29,"featured_media":4515,"comment_status":"closed","ping_status":"closed","sticky":false,"template":"","format":"standard","meta":{"wpb_read_more":[],"footnotes":""},"categories":[4],"tags":[],"class_list":["post-4514","post","type-post","status-publish","format-standard","has-post-thumbnail","hentry","category-coluna-brasilia-df"],"_links":{"self":[{"href":"https:\/\/blogs2.correiobraziliense.com.br\/denise\/wp-json\/wp\/v2\/posts\/4514","targetHints":{"allow":["GET"]}}],"collection":[{"href":"https:\/\/blogs2.correiobraziliense.com.br\/denise\/wp-json\/wp\/v2\/posts"}],"about":[{"href":"https:\/\/blogs2.correiobraziliense.com.br\/denise\/wp-json\/wp\/v2\/types\/post"}],"author":[{"embeddable":true,"href":"https:\/\/blogs2.correiobraziliense.com.br\/denise\/wp-json\/wp\/v2\/users\/29"}],"replies":[{"embeddable":true,"href":"https:\/\/blogs2.correiobraziliense.com.br\/denise\/wp-json\/wp\/v2\/comments?post=4514"}],"version-history":[{"count":1,"href":"https:\/\/blogs2.correiobraziliense.com.br\/denise\/wp-json\/wp\/v2\/posts\/4514\/revisions"}],"predecessor-version":[{"id":4516,"href":"https:\/\/blogs2.correiobraziliense.com.br\/denise\/wp-json\/wp\/v2\/posts\/4514\/revisions\/4516"}],"wp:featuredmedia":[{"embeddable":true,"href":"https:\/\/blogs2.correiobraziliense.com.br\/denise\/wp-json\/wp\/v2\/media\/4515"}],"wp:attachment":[{"href":"https:\/\/blogs2.correiobraziliense.com.br\/denise\/wp-json\/wp\/v2\/media?parent=4514"}],"wp:term":[{"taxonomy":"category","embeddable":true,"href":"https:\/\/blogs2.correiobraziliense.com.br\/denise\/wp-json\/wp\/v2\/categories?post=4514"},{"taxonomy":"post_tag","embeddable":true,"href":"https:\/\/blogs2.correiobraziliense.com.br\/denise\/wp-json\/wp\/v2\/tags?post=4514"}],"curies":[{"name":"wp","href":"https:\/\/api.w.org\/{rel}","templated":true}]}}