{"id":4517,"date":"2019-11-22T08:30:01","date_gmt":"2019-11-22T11:30:01","guid":{"rendered":"https:\/\/blogs2.correiobraziliense.com.br\/denise\/?p=4517"},"modified":"2019-11-22T08:30:01","modified_gmt":"2019-11-22T11:30:01","slug":"novo-partido-de-bolsonaro-desiste-de-assinatura-eletronica","status":"publish","type":"post","link":"https:\/\/blogs2.correiobraziliense.com.br\/denise\/novo-partido-de-bolsonaro-desiste-de-assinatura-eletronica\/","title":{"rendered":"Novo partido de Bolsonaro desiste de assinatura eletr\u00f4nica"},"content":{"rendered":"<h6><strong>Coluna Bras\u00edlia-DF<\/strong><\/h6>\n<p>A consulta sobre certifica\u00e7\u00e3o digital feita ao Tribunal Superior Eleitoral (TSE), para assinaturas de apoio \u00e0 cria\u00e7\u00e3o de novo partido, n\u00e3o interessa mais ao Alian\u00e7a pelo Brasil, o novo partido do presidente Jair Bolsonaro. O sistema \u00e9 considerado caro (s\u00e3o quase R$ 200 para se obter a certifica\u00e7\u00e3o digital) e complicado para o cidad\u00e3o comum.<\/p>\n<p>O melhor mesmo, avaliaram os integrantes da legenda, \u00e9 coletar as assinaturas uma a uma, com firma reconhecida em cart\u00f3rio, que \u00e9 feita por menos de R$ 5, ou verificar junto ao TSE mais \u00e0 frente se \u00e9 poss\u00edvel a checagem via biometria. A inten\u00e7\u00e3o de alguns que trabalham pelo novo partido \u00e9, ao longo do processo de recolhimento das assinaturas, perguntar ao TSE se \u00e9 poss\u00edvel conferi-las usando a mesma biometria que vale para a vota\u00e7\u00e3o.<\/p>\n<p>Hoje, 85% dos eleitores j\u00e1 t\u00eam as digitais cadastradas. Logo, d\u00e1 para dispensar a burocracia cartorial. O pr\u00f3prio procurador eleitoral, Humberto Jacques de Medeiros, fez essa men\u00e7\u00e3o em seu parecer. Resta saber se haver\u00e1 tempo h\u00e1bil para aplicar ao novo partido.<\/p>\n<h2><strong>O batismo de Tarc\u00edsio<\/strong><\/h2>\n<p>O ministro da Infraestrutura, Tarc\u00edsio de Freitas, n\u00e3o vai terminar o ano como unanimidade nacional. Elogiado at\u00e9 pelos advers\u00e1rios, \u00e9 tido como algu\u00e9m que errou a m\u00e3o ao tentar impor um novo perfil ao Porto de Santos, para atender ao agroneg\u00f3cio, e provocou a ira dos moradores da cidade. Na pr\u00f3xima segunda-feira, a sociedade local vai se reunir para se contrapor ao desejo oficial anunciado de ampliar a atividade portu\u00e1ria a granel na \u00e1rea urbana pr\u00f3xima \u00e0 praia.<\/p>\n<h2>\n<strong>O batismo de Tarc\u00edsio II<\/strong><\/h2>\n<p>Sete universidades locais, incluindo o c\u00e2mpus santista da Universidade Federal de S\u00e3o Paulo, os f\u00f3runs da cidadania de Santos e Guaruj\u00e1, que compartilham o canal do porto, c\u00e2maras municipais de todas as cidades da Baixada Santista, empres\u00e1rios, concession\u00e1rios, e todos os sindicatos ligados \u00e0 atividade portu\u00e1ria, pretendem dizer ao governo federal que querem ser ouvidos e consultados.<\/p>\n<h2>\n<strong>Voos com escalas<\/strong><\/h2>\n<p>Deputados federais e estaduais que querem ser candidatos no ano que vem v\u00e3o esperar um pouquinho antes de seguir para o Alian\u00e7a pelo Brasil. Alguns dispostos a sair do PSL desejam fazer escalas em legendas que j\u00e1 existem, antes de seguirem para o novo partido.<\/p>\n<h2>\n<strong>Meio-termo<\/strong><\/h2>\n<p>O voto do ministro Alexandre Moraes, de que o acesso de dados da Receita para investigar criminosos n\u00e3o pode ser considerado inconstitucional, angaria simpatias entre juristas. Resta saber se ser\u00e1 seguido pelos demais.<\/p>\n<p><strong>Nova refer\u00eancia\/<\/strong> Que Olavo de Carvalho que nada. Bolsonaro tem um novo Norte para o Alian\u00e7a pelo Brasil: a ex-primeira-ministra brit\u00e2nica Margaret Thatcher, falecida em 2013. Ela foi citada no discurso pelo presidente, quando mencionou que um pa\u00eds deve medir seu grau de desenvolvimento pelo n\u00famero de pessoas que saem de programas sociais, e n\u00e3o por aqueles que precisam deles.<\/p>\n<p><strong>\u00c0s armas!\/<\/strong> Um quadro todo feito com cartuchos de balas de fuzis, de pistolas 9 mm, entre outras, com a frase \u201cAlian\u00e7a pelo Brasil\u201d fez sucesso entre os aliados de Bolsonaro. O autor do quadro, Rodrigo Camacho, do Rio de Janeiro, saiu de l\u00e1 com v\u00e1rias selfies e encomendas dos deputados.<\/p>\n","protected":false},"excerpt":{"rendered":"<p>Coluna Bras\u00edlia-DF A consulta sobre certifica\u00e7\u00e3o digital feita ao Tribunal Superior Eleitoral (TSE), para assinaturas de apoio \u00e0 cria\u00e7\u00e3o de novo partido, n\u00e3o interessa mais ao Alian\u00e7a pelo Brasil, o novo partido do presidente Jair Bolsonaro. O sistema \u00e9 considerado caro (s\u00e3o quase R$ 200 para se obter a certifica\u00e7\u00e3o digital) e complicado para o [&hellip;]<\/p>\n","protected":false},"author":29,"featured_media":4520,"comment_status":"closed","ping_status":"closed","sticky":false,"template":"","format":"standard","meta":{"wpb_read_more":[],"footnotes":""},"categories":[4],"tags":[207,28,208],"class_list":["post-4517","post","type-post","status-publish","format-standard","has-post-thumbnail","hentry","category-coluna-brasilia-df","tag-alianca-pelo-brasil","tag-bolsonaro","tag-tarcisio-de-freitas"],"_links":{"self":[{"href":"https:\/\/blogs2.correiobraziliense.com.br\/denise\/wp-json\/wp\/v2\/posts\/4517","targetHints":{"allow":["GET"]}}],"collection":[{"href":"https:\/\/blogs2.correiobraziliense.com.br\/denise\/wp-json\/wp\/v2\/posts"}],"about":[{"href":"https:\/\/blogs2.correiobraziliense.com.br\/denise\/wp-json\/wp\/v2\/types\/post"}],"author":[{"embeddable":true,"href":"https:\/\/blogs2.correiobraziliense.com.br\/denise\/wp-json\/wp\/v2\/users\/29"}],"replies":[{"embeddable":true,"href":"https:\/\/blogs2.correiobraziliense.com.br\/denise\/wp-json\/wp\/v2\/comments?post=4517"}],"version-history":[{"count":1,"href":"https:\/\/blogs2.correiobraziliense.com.br\/denise\/wp-json\/wp\/v2\/posts\/4517\/revisions"}],"predecessor-version":[{"id":4521,"href":"https:\/\/blogs2.correiobraziliense.com.br\/denise\/wp-json\/wp\/v2\/posts\/4517\/revisions\/4521"}],"wp:featuredmedia":[{"embeddable":true,"href":"https:\/\/blogs2.correiobraziliense.com.br\/denise\/wp-json\/wp\/v2\/media\/4520"}],"wp:attachment":[{"href":"https:\/\/blogs2.correiobraziliense.com.br\/denise\/wp-json\/wp\/v2\/media?parent=4517"}],"wp:term":[{"taxonomy":"category","embeddable":true,"href":"https:\/\/blogs2.correiobraziliense.com.br\/denise\/wp-json\/wp\/v2\/categories?post=4517"},{"taxonomy":"post_tag","embeddable":true,"href":"https:\/\/blogs2.correiobraziliense.com.br\/denise\/wp-json\/wp\/v2\/tags?post=4517"}],"curies":[{"name":"wp","href":"https:\/\/api.w.org\/{rel}","templated":true}]}}