{"id":4722,"date":"2020-01-17T08:18:38","date_gmt":"2020-01-17T11:18:38","guid":{"rendered":"https:\/\/blogs2.correiobraziliense.com.br\/denise\/?p=4722"},"modified":"2020-01-17T08:18:38","modified_gmt":"2020-01-17T11:18:38","slug":"filho-de-sergio-machado-promete-contar-o-que-sabe","status":"publish","type":"post","link":"https:\/\/blogs2.correiobraziliense.com.br\/denise\/filho-de-sergio-machado-promete-contar-o-que-sabe\/","title":{"rendered":"Filho de S\u00e9rgio Machado promete contar o que sabe"},"content":{"rendered":"<h6><strong>Coluna Bras\u00edlia-DF<\/strong><\/h6>\n<p>A Su\u00ed\u00e7a passou a chamar a aten\u00e7\u00e3o dos pol\u00edticos brasileiros e n\u00e3o \u00e9 nada relacionado ao F\u00f3rum Econ\u00f4mico Mundial de Davos, na semana que vem, e sim \u00e0 condena\u00e7\u00e3o de Expedito Machado, filho do ex-senador e ex-presidente da Transpetro S\u00e9rgio Machado. Expedito, agora, conforme informa\u00e7\u00f5es de pol\u00edticos cearenses, vai contar o que sabe para escapar de maiores puni\u00e7\u00f5es.<\/p>\n<p>O pai, aqui no Brasil, tinha prometido revelar tudo, com a garantia de que o filho sairia ileso. N\u00e3o deu certo. Pelo menos, na Su\u00ed\u00e7a. Com a conta descoberta em nome do filho de S\u00e9rgio Machado e aquela outra, ligada a Eduardo Cunha, os investigadores esperam fechar o cerco sobre as pe\u00e7as que faltam do MDB. 2020 promete.<\/p>\n<h2>\n<strong>Os alvos da temporada I<\/strong><\/h2>\n<p>Quer jogar n\u00e9voa sobre uma confus\u00e3o? Arrume uma maior. Nos bastidores, os emedebistas que podem terminar enroscados pelo filho de S\u00e9rgio Machado prometem insuflar a oposi\u00e7\u00e3o a manter a marca\u00e7\u00e3o sobre o senador Fl\u00e1vio Bolsonaro (sem partido-RJ), por causa da suspeita de \u201crachadinhas\u201d quando era deputado estadual. Agora, v\u00e3o colocar na roda, ainda, o secret\u00e1rio de Comunica\u00e7\u00e3o do governo, Fabio Wajngarten, por causa da empresa da qual \u00e9 s\u00f3cio prestar servi\u00e7os para emissoras de tev\u00ea. \u00c9 o esquenta da pol\u00edtica este ano.<\/p>\n<h2>\n<strong>Os alvos da temporada II<\/strong><\/h2>\n<p>O governo sabe que vai ter que come\u00e7ar o ano atento \u00e0s comiss\u00f5es de Fiscaliza\u00e7\u00e3o e Controle e de Comunica\u00e7\u00f5es, tanto da C\u00e2mara quanto do Senado. \u00c9 que j\u00e1 tem gente planejando chamar Wajngarten para prestar esclarecimentos ainda em fevereiro. A esperan\u00e7a do Poder Executivo \u00e9 de que tudo isso seja flor do recesso, aquela que murcha com o retorno das atividades do Poder Legislativo.<\/p>\n<h2>\n<strong>Vem regra r\u00edgida para as cervejarias<\/strong><\/h2>\n<p>O governo tende a proibir o uso de dietilenoglicol e monoetilenoglicol em todas as etapas ligadas ao processo de fabrica\u00e7\u00e3o de cervejas. At\u00e9 mesmo a Abracerva, associa\u00e7\u00e3o do setor, j\u00e1 pediu que haja uma proibi\u00e7\u00e3o cautelar at\u00e9 a normatiza\u00e7\u00e3o definitiva da fabrica\u00e7\u00e3o de cervejas artesanais.<\/p>\n<h2>\n<strong>Na C\u00e2mara, vai<\/strong><\/h2>\n<p>O veto do presidente Jair Bolsonaro que tirou parte do poder do relator do Or\u00e7amento de fixar todo o cronograma de libera\u00e7\u00e3o das emendas tem tudo para ser derrubado na C\u00e2mara. Por\u00e9m, n\u00e3o ter\u00e1 o mesmo ritmo no Senado. A inten\u00e7\u00e3o dos senadores \u00e9 adotar \u201cbom senso\u201d, conforme o l\u00edder do governo no Congresso, senador Eduardo Gomes.<\/p>\n<p><strong>No quintal de Cid<\/strong>\/ Licenciado do mandato, o senador Cid Gomes (PDT) est\u00e1 cuidando do territ\u00f3rio cearense, onde ele e os irm\u00e3os reinam. \u00c9 que, de uns tempos para c\u00e1, Domingos Filho, pai do deputado federal, Domingos Neto, l\u00edder do PSD e relator do Or\u00e7amento, tem tomado mais f\u00f4lego do que os Ferreira Gomes gostariam.<\/p>\n<p><strong>Por falar em Domingos Neto&#8230;<\/strong>\/ O deputado tem crescido entre os colegas no Congresso. H\u00e1 quem diga, inclusive, que, se o PP continuar dividido entre Arthur Lyra e Aguinaldo Ribeiro para presidir a C\u00e2mara em 2021, Domingos Neto vira uma das apostas para o cargo.<\/p>\n<p><strong>Base na Ant\u00e1rtica\/<\/strong> Quem participou da solenidade de inaugura\u00e7\u00e3o da nova base brasileira na Ant\u00e1rtica, esta semana, foi o presidente da Caixa Econ\u00f4mica Federal, Pedro Guimar\u00e3es . \u00c9 um dos poucos cariocas do samba que n\u00e3o tem problemas com o frio.<\/p>\n<p><strong>Enquanto isso, na porta do Alvorada&#8230;<\/strong>\/ Ningu\u00e9m \u00e9 obrigado a responder todas as perguntas, mas educa\u00e7\u00e3o para perguntas e respostas tem que ser regra geral.<\/p>\n","protected":false},"excerpt":{"rendered":"<p>Coluna Bras\u00edlia-DF A Su\u00ed\u00e7a passou a chamar a aten\u00e7\u00e3o dos pol\u00edticos brasileiros e n\u00e3o \u00e9 nada relacionado ao F\u00f3rum Econ\u00f4mico Mundial de Davos, na semana que vem, e sim \u00e0 condena\u00e7\u00e3o de Expedito Machado, filho do ex-senador e ex-presidente da Transpetro S\u00e9rgio Machado. Expedito, agora, conforme informa\u00e7\u00f5es de pol\u00edticos cearenses, vai contar o que sabe [&hellip;]<\/p>\n","protected":false},"author":29,"featured_media":4723,"comment_status":"closed","ping_status":"closed","sticky":false,"template":"","format":"standard","meta":{"wpb_read_more":[],"footnotes":""},"categories":[4],"tags":[],"class_list":["post-4722","post","type-post","status-publish","format-standard","has-post-thumbnail","hentry","category-coluna-brasilia-df"],"_links":{"self":[{"href":"https:\/\/blogs2.correiobraziliense.com.br\/denise\/wp-json\/wp\/v2\/posts\/4722","targetHints":{"allow":["GET"]}}],"collection":[{"href":"https:\/\/blogs2.correiobraziliense.com.br\/denise\/wp-json\/wp\/v2\/posts"}],"about":[{"href":"https:\/\/blogs2.correiobraziliense.com.br\/denise\/wp-json\/wp\/v2\/types\/post"}],"author":[{"embeddable":true,"href":"https:\/\/blogs2.correiobraziliense.com.br\/denise\/wp-json\/wp\/v2\/users\/29"}],"replies":[{"embeddable":true,"href":"https:\/\/blogs2.correiobraziliense.com.br\/denise\/wp-json\/wp\/v2\/comments?post=4722"}],"version-history":[{"count":1,"href":"https:\/\/blogs2.correiobraziliense.com.br\/denise\/wp-json\/wp\/v2\/posts\/4722\/revisions"}],"predecessor-version":[{"id":4724,"href":"https:\/\/blogs2.correiobraziliense.com.br\/denise\/wp-json\/wp\/v2\/posts\/4722\/revisions\/4724"}],"wp:featuredmedia":[{"embeddable":true,"href":"https:\/\/blogs2.correiobraziliense.com.br\/denise\/wp-json\/wp\/v2\/media\/4723"}],"wp:attachment":[{"href":"https:\/\/blogs2.correiobraziliense.com.br\/denise\/wp-json\/wp\/v2\/media?parent=4722"}],"wp:term":[{"taxonomy":"category","embeddable":true,"href":"https:\/\/blogs2.correiobraziliense.com.br\/denise\/wp-json\/wp\/v2\/categories?post=4722"},{"taxonomy":"post_tag","embeddable":true,"href":"https:\/\/blogs2.correiobraziliense.com.br\/denise\/wp-json\/wp\/v2\/tags?post=4722"}],"curies":[{"name":"wp","href":"https:\/\/api.w.org\/{rel}","templated":true}]}}