{"id":4792,"date":"2020-01-31T07:57:15","date_gmt":"2020-01-31T10:57:15","guid":{"rendered":"https:\/\/blogs2.correiobraziliense.com.br\/denise\/?p=4792"},"modified":"2020-01-31T07:57:15","modified_gmt":"2020-01-31T10:57:15","slug":"desgaste-de-weintraub-no-ministerio-pode-abrir-vaga-para-izalci","status":"publish","type":"post","link":"https:\/\/blogs2.correiobraziliense.com.br\/denise\/desgaste-de-weintraub-no-ministerio-pode-abrir-vaga-para-izalci\/","title":{"rendered":"Desgaste de Weintraub no minist\u00e9rio pode abrir vaga para Izalci"},"content":{"rendered":"<p>Enquanto o ministro da Educa\u00e7\u00e3o, <strong>Abraham Weintraub<\/strong>, segue sob fogo cruzado, crescem as apostas para que o senador <strong>Izalci Lucas<\/strong> (PSDB-DF) assuma a pasta, abrindo assim uma vaga no Senado para o segundo vice-presidente do Alian\u00e7a pelo Brasil, <strong>Lu\u00eds Felipe Belmonte<\/strong>. Primeiro suplente de Izalci, Belmonte tem se dedicado, dia e noite, \u00e0 consolida\u00e7\u00e3o do novo partido de Bolsonaro. No Alian\u00e7a, h\u00e1 quem diga que dar visibilidade \u00e0 legenda na Casa seria uma forma de ampliar o poder de atra\u00e7\u00e3o.<\/p>\n<p>Em tempo: se Bolsonaro decidir mesmo afastar Weintraub, ser\u00e1 mais uma na conta do ministro da Casa Civil. Afinal, Weintraub saiu da equipe de Onyx para resolver o imbr\u00f3glio da Educa\u00e7\u00e3o e, at\u00e9 aqui, juntou cr\u00edticas. Weintraub, entretanto, ainda tem um grupo fiel, que o defende nas redes sociais. Lorenzoni n\u00e3o tem as redes nem o seu partido. O DEM n\u00e3o foi respons\u00e1vel pela indica\u00e7\u00e3o do ministro e n\u00e3o vai mover um dedo para tir\u00e1-lo dessa crise.<\/p>\n<p><strong>O que interessa<\/strong><br \/>\nAo receber o PPI \u2014 programa de parcerias de investimentos que estava na Casa Civil \u2014, caber\u00e1 ao ministro da Economia, Paulo Guedes, apresentar resultados na cria\u00e7\u00e3o de empregos. H\u00e1 um consenso na \u00e1rea pol\u00edtica do governo de que esse \u00e9 o principal desafio a ser vencido.<\/p>\n<p><strong>Irritou<\/strong><br \/>\nO presidente ficou irado com o fato de Rodrigo Maia pedir a cabe\u00e7a do ministro da Educa\u00e7\u00e3o. Embora a cess\u00e3o de uma vaga no Senado para Belmonte seja um bom motivo para colocar Izalci no minist\u00e9rio, Bolsonaro n\u00e3o quer passar a ideia de que atendeu a um pedido do presidente da C\u00e2mara.<\/p>\n<p><strong>E as comiss\u00f5es, hein?<\/strong><br \/>\nO presidente da C\u00e2mara, Rodrigo Maia, ampliou as conversas para fechar o comando das comiss\u00f5es t\u00e9cnicas da Casa ainda em fevereiro. Ele n\u00e3o quer repetir 2019, quando as comiss\u00f5es ficaram mais de dois meses sem funcionar.<\/p>\n<h2>Vitrine internacional<\/h2>\n<p>O PT pretende pegar, desta vez, a Comiss\u00e3o de Rela\u00e7\u00f5es Exteriores, que, at\u00e9 agora, estava nas m\u00e3os do deputado Eduardo Bolsonaro. Ali\u00e1s, por causa do cargo, ele acompanhou o presidente em quase todas as viagens internacionais no ano passado. Agora, vai ficar mais dif\u00edcil continuar nas comitivas. H\u00e1 quem aposte que o 03 quer focar, este ano, tamb\u00e9m em seguran\u00e7a p\u00fablica. Afinal, ele \u00e9 policial.<\/p>\n<p><strong>O embaixador I\/<\/strong> O deputado Eduardo Bolsonaro, do PSL-RJ, largou o projeto de ocupar a Embaixada do Brasil em Washington, mas n\u00e3o seus contatos nos Estados Unidos. Ele passar\u00e1 o carnaval na Virg\u00ednia, com o escritor Olavo de Carvalho, e vai aproveitar a visita para fazer um giro semelhante ao que fez um grupo de deputados do Partido Novo.<\/p>\n<p><strong>O embaixador II\/<\/strong> N\u00e3o est\u00e1 descartada uma passada para ver o presidente Donald Trump. A torcida do governo \u00e9 de que, nesse retorno do parlamento, o embaixador Nestor Forster seja logo aprovado pelo Senado, a fim de chegar ao carnaval com essa pend\u00eancia resolvida.<\/p>\n<p><strong>Bons exemplos\/<\/strong> S\u00f3 dois senadores passaram 2019 sem faltas nas sess\u00f5es deliberativas da Casa: Reguffe (DF) e Eduardo Gir\u00e3o (CE), ambos do Podemos. O levantamento foi feito pelo site Congresso em Foco.<\/p>\n<p><strong>Doen\u00e7as raras\/<\/strong> Ao completar seu primeiro ano de funcionamento, a Federa\u00e7\u00e3o Brasileira das Associa\u00e7\u00f5es de Doen\u00e7as Raras prepara uma s\u00e9rie de eventos para marcar este 29 de fevereiro, Dia Internacional das Doen\u00e7as Raras.<br \/>\nA ordem \u00e9 chamar a aten\u00e7\u00e3o para os 13 milh\u00f5es de casos no Brasil.<\/p>\n","protected":false},"excerpt":{"rendered":"<p>Enquanto o ministro da Educa\u00e7\u00e3o, Abraham Weintraub, segue sob fogo cruzado, crescem as apostas para que o senador Izalci Lucas (PSDB-DF) assuma a pasta, abrindo assim uma vaga no Senado para o segundo vice-presidente do Alian\u00e7a pelo Brasil, Lu\u00eds Felipe Belmonte<\/p>\n","protected":false},"author":29,"featured_media":4793,"comment_status":"closed","ping_status":"closed","sticky":false,"template":"","format":"standard","meta":{"wpb_read_more":[],"footnotes":""},"categories":[4],"tags":[228,28,104,69,40,229],"class_list":["post-4792","post","type-post","status-publish","format-standard","has-post-thumbnail","hentry","category-coluna-brasilia-df","tag-abraham-weintraub","tag-bolsonaro","tag-izalci-lucas","tag-onyx","tag-senado","tag-weintraub"],"_links":{"self":[{"href":"https:\/\/blogs2.correiobraziliense.com.br\/denise\/wp-json\/wp\/v2\/posts\/4792","targetHints":{"allow":["GET"]}}],"collection":[{"href":"https:\/\/blogs2.correiobraziliense.com.br\/denise\/wp-json\/wp\/v2\/posts"}],"about":[{"href":"https:\/\/blogs2.correiobraziliense.com.br\/denise\/wp-json\/wp\/v2\/types\/post"}],"author":[{"embeddable":true,"href":"https:\/\/blogs2.correiobraziliense.com.br\/denise\/wp-json\/wp\/v2\/users\/29"}],"replies":[{"embeddable":true,"href":"https:\/\/blogs2.correiobraziliense.com.br\/denise\/wp-json\/wp\/v2\/comments?post=4792"}],"version-history":[{"count":1,"href":"https:\/\/blogs2.correiobraziliense.com.br\/denise\/wp-json\/wp\/v2\/posts\/4792\/revisions"}],"predecessor-version":[{"id":4794,"href":"https:\/\/blogs2.correiobraziliense.com.br\/denise\/wp-json\/wp\/v2\/posts\/4792\/revisions\/4794"}],"wp:featuredmedia":[{"embeddable":true,"href":"https:\/\/blogs2.correiobraziliense.com.br\/denise\/wp-json\/wp\/v2\/media\/4793"}],"wp:attachment":[{"href":"https:\/\/blogs2.correiobraziliense.com.br\/denise\/wp-json\/wp\/v2\/media?parent=4792"}],"wp:term":[{"taxonomy":"category","embeddable":true,"href":"https:\/\/blogs2.correiobraziliense.com.br\/denise\/wp-json\/wp\/v2\/categories?post=4792"},{"taxonomy":"post_tag","embeddable":true,"href":"https:\/\/blogs2.correiobraziliense.com.br\/denise\/wp-json\/wp\/v2\/tags?post=4792"}],"curies":[{"name":"wp","href":"https:\/\/api.w.org\/{rel}","templated":true}]}}