{"id":4864,"date":"2020-02-21T09:35:18","date_gmt":"2020-02-21T12:35:18","guid":{"rendered":"https:\/\/blogs2.correiobraziliense.com.br\/denise\/?p=4864"},"modified":"2020-02-21T09:37:07","modified_gmt":"2020-02-21T12:37:07","slug":"ex-parlamentares-e-assessores-acertam-quina-da-mega","status":"publish","type":"post","link":"https:\/\/blogs2.correiobraziliense.com.br\/denise\/ex-parlamentares-e-assessores-acertam-quina-da-mega\/","title":{"rendered":"Ex-parlamentares e assessores acertam Quina da Mega"},"content":{"rendered":"<h6><strong>Coluna Bras\u00edlia-DF<\/strong><\/h6>\n<p><strong>Sortudos\/<\/strong> Um grupo de ex-parlamentares e assessores comemorou muito o resultado da Mega-Sena desta semana. Eles fizeram um bol\u00e3o de \u00faltima hora, durante um almo\u00e7o na quarta-feira, e terminaram entre os 133 acertadores da quina da mega. Cada um levou R$ 8,6 mil.<\/p>\n","protected":false},"excerpt":{"rendered":"<p>Coluna Bras\u00edlia-DF Sortudos\/ Um grupo de ex-parlamentares e assessores comemorou muito o resultado da Mega-Sena desta semana. Eles fizeram um bol\u00e3o de \u00faltima hora, durante um almo\u00e7o na quarta-feira, e terminaram entre os 133 acertadores da quina da mega. Cada um levou R$ 8,6 mil.<\/p>\n","protected":false},"author":29,"featured_media":4865,"comment_status":"closed","ping_status":"closed","sticky":false,"template":"","format":"standard","meta":{"wpb_read_more":[],"footnotes":""},"categories":[4],"tags":[260],"class_list":["post-4864","post","type-post","status-publish","format-standard","has-post-thumbnail","hentry","category-coluna-brasilia-df","tag-mega-sena"],"_links":{"self":[{"href":"https:\/\/blogs2.correiobraziliense.com.br\/denise\/wp-json\/wp\/v2\/posts\/4864","targetHints":{"allow":["GET"]}}],"collection":[{"href":"https:\/\/blogs2.correiobraziliense.com.br\/denise\/wp-json\/wp\/v2\/posts"}],"about":[{"href":"https:\/\/blogs2.correiobraziliense.com.br\/denise\/wp-json\/wp\/v2\/types\/post"}],"author":[{"embeddable":true,"href":"https:\/\/blogs2.correiobraziliense.com.br\/denise\/wp-json\/wp\/v2\/users\/29"}],"replies":[{"embeddable":true,"href":"https:\/\/blogs2.correiobraziliense.com.br\/denise\/wp-json\/wp\/v2\/comments?post=4864"}],"version-history":[{"count":1,"href":"https:\/\/blogs2.correiobraziliense.com.br\/denise\/wp-json\/wp\/v2\/posts\/4864\/revisions"}],"predecessor-version":[{"id":4866,"href":"https:\/\/blogs2.correiobraziliense.com.br\/denise\/wp-json\/wp\/v2\/posts\/4864\/revisions\/4866"}],"wp:featuredmedia":[{"embeddable":true,"href":"https:\/\/blogs2.correiobraziliense.com.br\/denise\/wp-json\/wp\/v2\/media\/4865"}],"wp:attachment":[{"href":"https:\/\/blogs2.correiobraziliense.com.br\/denise\/wp-json\/wp\/v2\/media?parent=4864"}],"wp:term":[{"taxonomy":"category","embeddable":true,"href":"https:\/\/blogs2.correiobraziliense.com.br\/denise\/wp-json\/wp\/v2\/categories?post=4864"},{"taxonomy":"post_tag","embeddable":true,"href":"https:\/\/blogs2.correiobraziliense.com.br\/denise\/wp-json\/wp\/v2\/tags?post=4864"}],"curies":[{"name":"wp","href":"https:\/\/api.w.org\/{rel}","templated":true}]}}