{"id":5252,"date":"2020-04-18T11:11:46","date_gmt":"2020-04-18T14:11:46","guid":{"rendered":"https:\/\/blogs2.correiobraziliense.com.br\/denise\/?p=5252"},"modified":"2020-04-18T11:11:46","modified_gmt":"2020-04-18T14:11:46","slug":"voce-sera-responsabilizado-pelas-consequencias-pelas-mortes-disse-mandetta-em-ultima-reuniao-com-bolsonaro","status":"publish","type":"post","link":"https:\/\/blogs2.correiobraziliense.com.br\/denise\/voce-sera-responsabilizado-pelas-consequencias-pelas-mortes-disse-mandetta-em-ultima-reuniao-com-bolsonaro\/","title":{"rendered":"&#8220;Voc\u00ea ser\u00e1 responsabilizado pelas consequ\u00eancias, pelas mortes&#8221;, disse Mandetta em \u00faltima reuni\u00e3o com Bolsonaro"},"content":{"rendered":"<h6><strong>Coluna Bras\u00edlia-DF<\/strong><\/h6>\n<p>Quem viu a sa\u00edda de Luiz Henrique Mandetta da sua \u00faltima reuni\u00e3o com Bolsonaro n\u00e3o se esquece da cena. &#8220;Voc\u00ea ser\u00e1 responsabilizado pelas consequ\u00eancias, pelas mortes&#8221;, disse o ex-ministro. \u201cEu, n\u00e3o, os governadores \u00e9 que v\u00e3o!\u201d, respondeu Bolsonaro, aos gritos. Mandetta n\u00e3o respondeu mais e deixou o presidente falando sozinho.<\/p>\n<h2>\n<strong>Casamento arranjado<\/strong><\/h2>\n<p>Quem conhece bem o novo ministro da Sa\u00fade, Nelson Teich, adverte: ele n\u00e3o rasgar\u00e1 a biografia para fazer o que for da vontade presidencial. Far\u00e1 o que determinar a ci\u00eancia e o que for poss\u00edvel. A n\u00e3o ser que seja mordido pela mosca da vaidade que, muitas vezes, infesta quem assume um cargo de visibilidade no poder p\u00fablico.<\/p>\n","protected":false},"excerpt":{"rendered":"<p>Coluna Bras\u00edlia-DF Quem viu a sa\u00edda de Luiz Henrique Mandetta da sua \u00faltima reuni\u00e3o com Bolsonaro n\u00e3o se esquece da cena. &#8220;Voc\u00ea ser\u00e1 responsabilizado pelas consequ\u00eancias, pelas mortes&#8221;, disse o ex-ministro. \u201cEu, n\u00e3o, os governadores \u00e9 que v\u00e3o!\u201d, respondeu Bolsonaro, aos gritos. Mandetta n\u00e3o respondeu mais e deixou o presidente falando sozinho. Casamento arranjado Quem [&hellip;]<\/p>\n","protected":false},"author":29,"featured_media":5253,"comment_status":"closed","ping_status":"closed","sticky":false,"template":"","format":"standard","meta":{"wpb_read_more":[],"footnotes":""},"categories":[4],"tags":[28,156],"class_list":["post-5252","post","type-post","status-publish","format-standard","has-post-thumbnail","hentry","category-coluna-brasilia-df","tag-bolsonaro","tag-mandetta"],"_links":{"self":[{"href":"https:\/\/blogs2.correiobraziliense.com.br\/denise\/wp-json\/wp\/v2\/posts\/5252","targetHints":{"allow":["GET"]}}],"collection":[{"href":"https:\/\/blogs2.correiobraziliense.com.br\/denise\/wp-json\/wp\/v2\/posts"}],"about":[{"href":"https:\/\/blogs2.correiobraziliense.com.br\/denise\/wp-json\/wp\/v2\/types\/post"}],"author":[{"embeddable":true,"href":"https:\/\/blogs2.correiobraziliense.com.br\/denise\/wp-json\/wp\/v2\/users\/29"}],"replies":[{"embeddable":true,"href":"https:\/\/blogs2.correiobraziliense.com.br\/denise\/wp-json\/wp\/v2\/comments?post=5252"}],"version-history":[{"count":1,"href":"https:\/\/blogs2.correiobraziliense.com.br\/denise\/wp-json\/wp\/v2\/posts\/5252\/revisions"}],"predecessor-version":[{"id":5254,"href":"https:\/\/blogs2.correiobraziliense.com.br\/denise\/wp-json\/wp\/v2\/posts\/5252\/revisions\/5254"}],"wp:featuredmedia":[{"embeddable":true,"href":"https:\/\/blogs2.correiobraziliense.com.br\/denise\/wp-json\/wp\/v2\/media\/5253"}],"wp:attachment":[{"href":"https:\/\/blogs2.correiobraziliense.com.br\/denise\/wp-json\/wp\/v2\/media?parent=5252"}],"wp:term":[{"taxonomy":"category","embeddable":true,"href":"https:\/\/blogs2.correiobraziliense.com.br\/denise\/wp-json\/wp\/v2\/categories?post=5252"},{"taxonomy":"post_tag","embeddable":true,"href":"https:\/\/blogs2.correiobraziliense.com.br\/denise\/wp-json\/wp\/v2\/tags?post=5252"}],"curies":[{"name":"wp","href":"https:\/\/api.w.org\/{rel}","templated":true}]}}