{"id":5387,"date":"2020-05-06T07:37:36","date_gmt":"2020-05-06T10:37:36","guid":{"rendered":"https:\/\/blogs2.correiobraziliense.com.br\/denise\/?p=5387"},"modified":"2020-05-06T08:45:31","modified_gmt":"2020-05-06T11:45:31","slug":"bolsonaro-fara-novas-mudancas-no-segundo-e-terceiro-escaloes-do-governo","status":"publish","type":"post","link":"https:\/\/blogs2.correiobraziliense.com.br\/denise\/bolsonaro-fara-novas-mudancas-no-segundo-e-terceiro-escaloes-do-governo\/","title":{"rendered":"Bolsonaro far\u00e1 novas mudan\u00e7as no segundo e terceiro escal\u00f5es do governo"},"content":{"rendered":"<h6><strong>Coluna Bras\u00edlia-DF<\/strong><\/h6>\n<p>O presidente Jair Bolsonaro aproveita a trag\u00e9dia da pandemia para trocar tudo o que aceitou, meio a contragosto, no pr\u00f3prio governo e refor\u00e7ar as bases de apoio, a fim de se preparar a hip\u00f3tese de agravamento da crise pol\u00edtica. Foi assim na Sa\u00fade, na Justi\u00e7a e na Pol\u00edcia Federal.<\/p>\n<p>At\u00e9 sexta-feira, avisam alguns aliados, novas mudan\u00e7as de segundo e terceiro escal\u00f5es vir\u00e3o. O novo trip\u00e9 de apoio, refor\u00e7ado pelos partidos do Centr\u00e3o, mant\u00e9m os evang\u00e9licos\/ideol\u00f3gicos, e, por fim, os militares.<\/p>\n<p>\u00bb \u00bb \u00bb<\/p>\n<p>Por essas e outras, os deputados do grupo ao qual Bolsonaro pertencia quando era deputado federal n\u00e3o tiram mais os olhos do <em>Di\u00e1rio Oficial da Uni\u00e3o<\/em>. Assim ser\u00e1 at\u00e9 que todos se sintam atendidos. \u00c9 a \u201cparceria no governo\u201d, dizem alguns, que dar\u00e1 ao presidente a base para enfrentar os desdobramentos dos inqu\u00e9ritos em curso, a pedido do Supremo Tribunal Federal.<\/p>\n<p>S\u00f3 tem um probleminha a\u00ed: acomodar todos os interesses do Centr\u00e3o, e daqueles mais pr\u00f3ximos, sempre foi um desafio para qualquer governo. No caso de Lula, resultou, primeiramente, no esc\u00e2ndalo do mensal\u00e3o.<\/p>\n<h2><strong>Uma coisa de cada vez<\/strong><\/h2>\n<p>Ministros do governo at\u00e9 cogitaram amarrar a presid\u00eancia da C\u00e2mara, em 2021, ao pacote para atrair o Centr\u00e3o, mas o pr\u00f3prio agrupamento resiste. Do jeito que est\u00e1 o Brasil em meio \u00e0 pandemia da Covid-19, a crise econ\u00f4mica e a turbul\u00eancia pol\u00edtica, os deputados preferem amarrar logo a participa\u00e7\u00e3o no governo e deixar a disputa pelo comando da Casa em banho-maria por alguns meses.<\/p>\n<h2><strong>Soou insensibilidade<\/strong><\/h2>\n<p>No dia em que o pa\u00eds registrou 600 mortes pela Covid-19, a parada obrigat\u00f3ria de Bolsonaro na porta do Alvorada tratou muito mais da troca de comando na Pol\u00edcia Federal e do depoimento de S\u00e9rgio Moro, do que da calamidade p\u00fablica causada pelo novo coronav\u00edrus. Atualmente, dizem aliados do presidente, ele est\u00e1 mais preocupado com essa situa\u00e7\u00e3o do que com a pandemia. Ali\u00e1s, Bolsonaro ainda disse que o n\u00famero de casos estava diminuindo.<\/p>\n<h2><strong>Discurso &amp; pr\u00e1tica<\/strong><\/h2>\n<p>Ao mostrar as mensagens que trocou com o ent\u00e3o ministro da Justi\u00e7a, Sergio Moro, Bolsonaro termina por corroborar a tese de que queria influir na Pol\u00edcia Federal no Rio de Janeiro, e no comando da dire\u00e7\u00e3o-geral da PF por preocupa\u00e7\u00e3o com os deputados federais ligados ao governo.<\/p>\n<h2><strong>Siga o dinheiro<\/strong><\/h2>\n<p>Uma das linhas de investiga\u00e7\u00e3o sobre a produ\u00e7\u00e3o de fake news e atos contra as institui\u00e7\u00f5es da Rep\u00fablica observa as bases desses deputados, que planejam seguir em bloco para compor o Alian\u00e7a pelo Brasil. E \u00e9 a\u00ed que o governo se preocupa, porque n\u00e3o atingir\u00e1 o PSL, mas sim aqueles que est\u00e3o de sa\u00edda.<\/p>\n<h2><em>CURTIDAS<\/em><\/h2>\n<p><strong>Presen\u00e7a de Nabhan\/<\/strong> Enquanto a ministra da Agricultura, Tereza Cristina, trabalha incansavelmente para manter o setor do agroneg\u00f3cio produtivo e atendido nesse per\u00edodo de pandemia, o secret\u00e1rio de Assuntos Fundi\u00e1rios, Nabhan Garcia, n\u00e3o sai do Alvorada e do Planalto. As apostas s\u00e3o as de que est\u00e1 louco para ser ministro.<\/p>\n<p><strong>Fica a\u00ed, \u201ctaokey?\u201d\/<\/strong> Bolsonaro n\u00e3o tem dado qualquer sinal de que quer trocar a ministra. Mas h\u00e1 press\u00f5es da parte do grupo de Nabhan e do PP ligado ao deputado Jer\u00f4nimo Goergen (PP-RS), outro que sonha com a Agricultura. Se escolher um, desagradar\u00e1 o outro. E, assim, a ministra segue no cargo.<\/p>\n<p><strong>O amigo de 02\/<\/strong> O governo tornou sem efeito a nomea\u00e7\u00e3o do maestro Dante Mantovani para a Funarte, mas manteve a de Luciano Querido, ex-assessor do vereador Carlos Bolsonaro, o 02, que vira uma esp\u00e9cie de n\u00famero dois da Funarte.<\/p>\n<p><strong>M\u00e3e sempre ajuda\/<\/strong> A deputada Carla Zambelli (PSL-SP, foto) recorreu ao telefone da m\u00e3e para poder consultar o que a ex-amiga Joice Hasselmann (PSL-SP) havia dito sobre ela em suas redes sociais e responder aos seus seguidores. A contar pela troca de tiros entre as duas, quando ficarem frente a frente, no plen\u00e1rio da C\u00e2mara, \u00e9 bom os seguran\u00e7as ficarem atentos: \u201cEssa mulher \u00e9 louca, fabrica fake news. Eu n\u00e3o tenho nada a esconder\u201d, disse Zambelli, em sua live.<\/p>\n","protected":false},"excerpt":{"rendered":"<p>Coluna Bras\u00edlia-DF O presidente Jair Bolsonaro aproveita a trag\u00e9dia da pandemia para trocar tudo o que aceitou, meio a contragosto, no pr\u00f3prio governo e refor\u00e7ar as bases de apoio, a fim de se preparar a hip\u00f3tese de agravamento da crise pol\u00edtica. Foi assim na Sa\u00fade, na Justi\u00e7a e na Pol\u00edcia Federal. At\u00e9 sexta-feira, avisam alguns [&hellip;]<\/p>\n","protected":false},"author":29,"featured_media":5388,"comment_status":"closed","ping_status":"closed","sticky":false,"template":"","format":"standard","meta":{"wpb_read_more":[],"footnotes":""},"categories":[4],"tags":[28,319,297],"class_list":["post-5387","post","type-post","status-publish","format-standard","has-post-thumbnail","hentry","category-coluna-brasilia-df","tag-bolsonaro","tag-nabhan-garcia","tag-tereza-cristina"],"_links":{"self":[{"href":"https:\/\/blogs2.correiobraziliense.com.br\/denise\/wp-json\/wp\/v2\/posts\/5387","targetHints":{"allow":["GET"]}}],"collection":[{"href":"https:\/\/blogs2.correiobraziliense.com.br\/denise\/wp-json\/wp\/v2\/posts"}],"about":[{"href":"https:\/\/blogs2.correiobraziliense.com.br\/denise\/wp-json\/wp\/v2\/types\/post"}],"author":[{"embeddable":true,"href":"https:\/\/blogs2.correiobraziliense.com.br\/denise\/wp-json\/wp\/v2\/users\/29"}],"replies":[{"embeddable":true,"href":"https:\/\/blogs2.correiobraziliense.com.br\/denise\/wp-json\/wp\/v2\/comments?post=5387"}],"version-history":[{"count":3,"href":"https:\/\/blogs2.correiobraziliense.com.br\/denise\/wp-json\/wp\/v2\/posts\/5387\/revisions"}],"predecessor-version":[{"id":5391,"href":"https:\/\/blogs2.correiobraziliense.com.br\/denise\/wp-json\/wp\/v2\/posts\/5387\/revisions\/5391"}],"wp:featuredmedia":[{"embeddable":true,"href":"https:\/\/blogs2.correiobraziliense.com.br\/denise\/wp-json\/wp\/v2\/media\/5388"}],"wp:attachment":[{"href":"https:\/\/blogs2.correiobraziliense.com.br\/denise\/wp-json\/wp\/v2\/media?parent=5387"}],"wp:term":[{"taxonomy":"category","embeddable":true,"href":"https:\/\/blogs2.correiobraziliense.com.br\/denise\/wp-json\/wp\/v2\/categories?post=5387"},{"taxonomy":"post_tag","embeddable":true,"href":"https:\/\/blogs2.correiobraziliense.com.br\/denise\/wp-json\/wp\/v2\/tags?post=5387"}],"curies":[{"name":"wp","href":"https:\/\/api.w.org\/{rel}","templated":true}]}}