{"id":5419,"date":"2020-05-11T07:37:35","date_gmt":"2020-05-11T10:37:35","guid":{"rendered":"http:\/\/blogs.correiobraziliense.com.br\/denise\/?p=5419"},"modified":"2020-05-11T07:37:35","modified_gmt":"2020-05-11T10:37:35","slug":"bolsonaro-se-agarra-a-guedes-para-lavar-as-maos-na-crise-economica","status":"publish","type":"post","link":"https:\/\/blogs2.correiobraziliense.com.br\/denise\/bolsonaro-se-agarra-a-guedes-para-lavar-as-maos-na-crise-economica\/","title":{"rendered":"Bolsonaro se agarra a Guedes para lavar as m\u00e3os na crise econ\u00f4mica"},"content":{"rendered":"<h6><strong>Coluna Bras\u00edlia-DF<\/strong><\/h6>\n<p>Em meio \u00e0 pandemia, o presidente Jair Bolsonaro decidiu fortalecer o ministro da Economia, Paulo Guedes, porque acredita que, nas propostas do seu subordinado, est\u00e1 a chave para, logo ali na frente, poder dizer que o pa\u00eds quebrou por culpa do Congresso, do Supremo Tribunal Federal (STF) e dos governadores que paralisaram o Brasil.<\/p>\n<p>Essa narrativa come\u00e7ou a ser constru\u00edda com a promessa de veto ao projeto que abriu a perspectiva de reajuste salarial para servidores de setores como o da sa\u00fade e outros considerados estrat\u00e9gicos. A tend\u00eancia, avaliam alguns dentro do pr\u00f3prio governo, \u00e9 de veto a tudo o que Guedes recomendar daqui para frente.<\/p>\n<p>Resta saber se a popula\u00e7\u00e3o engolir\u00e1 a vers\u00e3o de que as institui\u00e7\u00f5es foram respons\u00e1veis por quebrar o pa\u00eds e n\u00e3o uma pandemia que j\u00e1 matou mais de 10 mil no Brasil e, dada a falta de vacina e de um tratamento eficaz para todos os casos, as pessoas se vejam obrigadas a ficar em casa.<\/p>\n<p>Assim, Bolsonaro, ao reacomodar Guedes numa posi\u00e7\u00e3o mais confort\u00e1vel, espera recuperar a parcela do mercado que lhe abandonou por causa da nega\u00e7\u00e3o da pandemia da covid-19. S\u00f3 tem um probleminha: o projeto de Guedes n\u00e3o casa com os desejos de gastos do Centr\u00e3o, que apoia Bolsonaro, e nem com a inje\u00e7\u00e3o maior de recursos p\u00fablicos na economia, algo que corre o risco de ter que perdurar por mais tempo do que o governo previa.<\/p>\n<p>H\u00e1 quem diga que, em breve, ser\u00e1 chegada a hora de o presidente se ver obrigado a escolher entre ficar com Guedes (e o mercado) ou o Centr\u00e3o e sua fome por cargos de polpudos or\u00e7amentos.<\/p>\n<h2>\n<strong>Pol\u00edtica sob tens\u00e3o I<\/strong><\/h2>\n<p>Na sexta-feira, estava na agenda do presidente Jair Bolsonaro o coronel Aristomendes Rosa Barroso Magno, coordenador do grupo Agir. No Facebook, h\u00e1 a seguinte descri\u00e7\u00e3o sobre um grupo chamado \u201cAgir-Brasil\u201d: \u201c\u00c9 um grupo ideologicamente de Direita, formado por brasileiros que querem contribuir com a\u00e7\u00f5espara a derrota da esquerda no Brasil e para o fim do caos que se criou nos Tr\u00eas Poderes da Rep\u00fablica\u201d.<\/p>\n<h2>\n<strong>Pol\u00edtica sob tens\u00e3o II<\/strong><\/h2>\n<p>A cada dia que passa, cresce a preocupa\u00e7\u00e3o das institui\u00e7\u00f5es com a prolifera\u00e7\u00e3o de grupos paramilitares que amea\u00e7am invadir o Congresso e o Supremo Tribunal Federal. A avalia\u00e7\u00e3o de muitas autoridades \u00e9 a de que, enquanto as a\u00e7\u00f5es dos aliados de Jair Bolsonaro se mantiverem dentro dos limites democr\u00e1ticos de carreatas e atos em defesa do presidente da Rep\u00fablica, ser\u00e1 parte do jogo. Qualquer ato al\u00e9m disso ser\u00e1 um atentado t\u00e3o grave quanto a facada que quase matou Bolsonaro.<\/p>\n<h2>\n<strong>At\u00e9 o Natal<\/strong><\/h2>\n<p>A comiss\u00e3o externa da C\u00e2mara de acompanhamento da pandemia da covid-19 no Brasil trabalhar\u00e1 at\u00e9 o fim do ano. A inten\u00e7\u00e3o \u00e9 apurar as compras de equipamentos de sa\u00fade superfaturados em muitos estados, para ver se houve abuso por parte dos gestores. Afinal, embora os pre\u00e7os estejam elevados, as den\u00fancias de que houve erros e m\u00e1 f\u00e9 n\u00e3o param de chegar.<\/p>\n<h2><strong>A judicializa\u00e7\u00e3o do porto I<\/strong><\/h2>\n<p>Os trabalhadores portu\u00e1rios de Santos comemoraram a decis\u00e3o do desembargador Roberto Carlos de Oliveira, do TRF-1, que manteve o contrato da Marimex, cujo prazo de renova\u00e7\u00e3o expiraria no \u00faltimo dia 8. Nada menos do que seis mil empregos foram salvos em um momento dram\u00e1tico na Baixada Santista, quando o n\u00famero de contaminados pela covid-19 aumentou, segundo o governo do estado de S\u00e3o Paulo, em 2.500%. \u201cN\u00e3o est\u00e1 nada garantido \u2014 disse o presidente do Settaport, Francisco Nogueira. \u201cMas ganhamos tempo precioso para manter a nossa luta pelos empregos na regi\u00e3o.\u201d<\/p>\n<h2>\n<strong>A judicializa\u00e7\u00e3o do porto II<\/strong><\/h2>\n<p>Agora, o governo deve recorrer, por\u00e9m, os c\u00e1lculos s\u00e3o os de que essa a\u00e7\u00e3o vai demorar anos para um desfecho. Marimex tem uma concess\u00e3o h\u00e1 20 anos para opera\u00e7\u00e3o de cont\u00eaineres no Porto de Santos. O governo n\u00e3o quis renovar o contrato por mais duas d\u00e9cadas, o que \u00e9 poss\u00edvel por lei, porque pretende fazer ali uma \u00e1rea de manobra de trens para a Rumo. O m\u00e1ximo que foi oferecido foi um contrato provis\u00f3rio.<\/p>\n<h2><em><strong>Curtidas<\/strong><\/em><\/h2>\n<p>Elei\u00e7\u00f5es ainda sem defini\u00e7\u00e3o\/ At\u00e9 aqui, ningu\u00e9m tem uma avalia\u00e7\u00e3o segura de como ser\u00e3o as elei\u00e7\u00f5es municipais. \u201cEsse tema s\u00f3 poder\u00e1 ser tratado quando houver uma rota de sa\u00edda da pandemia. E deve ser feito com di\u00e1logo e uma pactua\u00e7\u00e3o entre os Poderes a fim de definir as regras do jogo\u201d, diz o l\u00edder do DEM, Efraim Filho. Se, at\u00e9 o fim de junho, n\u00e3o houver defini\u00e7\u00e3o, prevalecer\u00e1 a tend\u00eancia por adiamento e n\u00e3o prorroga\u00e7\u00e3o de mandatos.<\/p>\n<p><strong>Surtou I\/<\/strong> Viralizou nas redes o v\u00eddeo em que o deputado estadual de Alagoas Ant\u00f4nio Albuquerque (PTB) protesta contra o isolamento e o uso de m\u00e1scara, por ter sido chamado para tirar o carro estacionado na avenida principal, na orla de Ponta Verde. Chamou Rui Palmeira, que perdeu o pai h\u00e1 poucos dias, de \u201cprefeitinho\u201d.<\/p>\n<p><strong>Surtou II\/<\/strong> No v\u00eddeo, ele desafia a ci\u00eancia: \u201cEst\u00e3o querendo dizer que um homem respirando a pr\u00f3pria saliva est\u00e1 melhor do que respirando ar puro. Isso \u00e9 o come\u00e7o do socialismo rid\u00edculo, \u00e9 uma covardia e a popula\u00e7\u00e3o aceitando calada, acovardada. Isso \u00e9 uma vergonha.\u201d O discurso, na orla de Macei\u00f3, por\u00e9m, n\u00e3o trouxe nenhuma sugest\u00e3o para proteger a popula\u00e7\u00e3o do novo coronav\u00edrus, que o deputado j\u00e1 pegou e parece estar curado.<\/p>\n<p><strong>Dia das M\u00e3es\/<\/strong> Fica aqui um abra\u00e7o por escrito a todas as m\u00e3es, em especial, \u00e0 minha, dona Paula. Feliz Dia das M\u00e3es! #Fiqueemcasa.<\/p>\n","protected":false},"excerpt":{"rendered":"<p>Coluna Bras\u00edlia-DF Em meio \u00e0 pandemia, o presidente Jair Bolsonaro decidiu fortalecer o ministro da Economia, Paulo Guedes, porque acredita que, nas propostas do seu subordinado, est\u00e1 a chave para, logo ali na frente, poder dizer que o pa\u00eds quebrou por culpa do Congresso, do Supremo Tribunal Federal (STF) e dos governadores que paralisaram o [&hellip;]<\/p>\n","protected":false},"author":29,"featured_media":5420,"comment_status":"closed","ping_status":"closed","sticky":false,"template":"","format":"standard","meta":{"wpb_read_more":[],"footnotes":""},"categories":[4],"tags":[28,243,271,270,49],"class_list":["post-5419","post","type-post","status-publish","format-standard","has-post-thumbnail","hentry","category-coluna-brasilia-df","tag-bolsonaro","tag-coronavirus","tag-covid-19","tag-pandemia","tag-paulo-guedes"],"_links":{"self":[{"href":"https:\/\/blogs2.correiobraziliense.com.br\/denise\/wp-json\/wp\/v2\/posts\/5419","targetHints":{"allow":["GET"]}}],"collection":[{"href":"https:\/\/blogs2.correiobraziliense.com.br\/denise\/wp-json\/wp\/v2\/posts"}],"about":[{"href":"https:\/\/blogs2.correiobraziliense.com.br\/denise\/wp-json\/wp\/v2\/types\/post"}],"author":[{"embeddable":true,"href":"https:\/\/blogs2.correiobraziliense.com.br\/denise\/wp-json\/wp\/v2\/users\/29"}],"replies":[{"embeddable":true,"href":"https:\/\/blogs2.correiobraziliense.com.br\/denise\/wp-json\/wp\/v2\/comments?post=5419"}],"version-history":[{"count":0,"href":"https:\/\/blogs2.correiobraziliense.com.br\/denise\/wp-json\/wp\/v2\/posts\/5419\/revisions"}],"wp:attachment":[{"href":"https:\/\/blogs2.correiobraziliense.com.br\/denise\/wp-json\/wp\/v2\/media?parent=5419"}],"wp:term":[{"taxonomy":"category","embeddable":true,"href":"https:\/\/blogs2.correiobraziliense.com.br\/denise\/wp-json\/wp\/v2\/categories?post=5419"},{"taxonomy":"post_tag","embeddable":true,"href":"https:\/\/blogs2.correiobraziliense.com.br\/denise\/wp-json\/wp\/v2\/tags?post=5419"}],"curies":[{"name":"wp","href":"https:\/\/api.w.org\/{rel}","templated":true}]}}