{"id":5441,"date":"2020-05-12T07:21:23","date_gmt":"2020-05-12T10:21:23","guid":{"rendered":"http:\/\/blogs.correiobraziliense.com.br\/denise\/?p=5422"},"modified":"2020-05-12T07:21:23","modified_gmt":"2020-05-12T10:21:23","slug":"depoimento-de-valeixo-indica-que-quem-tentar-interferir-em-investigacoes-sera-citado-nos-autos","status":"publish","type":"post","link":"https:\/\/blogs2.correiobraziliense.com.br\/denise\/depoimento-de-valeixo-indica-que-quem-tentar-interferir-em-investigacoes-sera-citado-nos-autos\/","title":{"rendered":"Depoimento de Valeixo indica que quem tentar interferir em investiga\u00e7\u00f5es ser\u00e1 citado nos autos"},"content":{"rendered":"<h6><strong>Coluna Bras\u00edlia-DF<\/strong><\/h6>\n<p>Em seu depoimento \u00e0 Pol\u00edcia Federal, ao qual a coluna teve acesso, o ex-diretor-geral Maur\u00edcio Valeixo foi muito claro ao dizer que n\u00e3o \u00e9 \u201ccomportamento padr\u00e3o\u201d do cargo acesso direto \u00e0s equipes de investiga\u00e7\u00e3o em curso e, dado o \u201camadurecimento institucional\u201d, uma a\u00e7\u00e3o como essa seria formalizada nos autos e comunicada, no caso do inqu\u00e9rito das Fake News, ao ministro do Supremo Tribunal Federal (STF).<\/p>\n<p>O ministro respons\u00e1vel por esse inqu\u00e9rito \u00e9 Alexandre de Moraes, que j\u00e1 blindou a equipe respons\u00e1vel pela investiga\u00e7\u00e3o, determinando que n\u00e3o seja substitu\u00edda. Nesse sentido, a resposta de Valeixo, durante o depoimento, foi vista como um aviso direto aos rec\u00e9m-chegados ao comando da Pol\u00edcia Federal, e, em especial, aos deputados alvos da investiga\u00e7\u00e3o: quem tentar interferir n\u00e3o ter\u00e1 sucesso e ainda ser\u00e1 citado nos autos.<\/p>\n<h2>\n<em><strong>Curtidas<\/strong><\/em><\/h2>\n<p><strong>Ali \u00e9 que o bicho pega\/<\/strong> \u00c9 no Congresso que a base de Jair Bolsonaro continua inst\u00e1vel. A aposta \u00e9 a de que, se n\u00e3o acomodar todos os partidos, n\u00e3o ter\u00e1 sossego.<\/p>\n<p><strong>Semelhan\u00e7a<\/strong>s\/ Se acomodar o Centr\u00e3o, os aliados de primeira hora \u00e9 que v\u00e3o chiar. Afinal, muitos apoiaram Bolsonaro na cren\u00e7a de que ele n\u00e3o entraria no toma l\u00e1 d\u00e1 c\u00e1. A aposta do governo, por\u00e9m, \u00e9 garantir a base pol\u00edtica agora e, paralelamente, administrar a rua. Foi a receita que Lula usou para escapar de um processo pol\u00edtico no per\u00edodo do mensal\u00e3o, em 2005, e se reeleger em 2006.<\/p>\n<p><strong>Coadjuvante\/<\/strong> O ministro Nelson Teich, que prepara um plano com 40 p\u00e1ginas sobre a quarentena, n\u00e3o foi sequer consultado sobre a abertura de academias, sal\u00f5es de beleza e barbearias. Sinal de que n\u00e3o teve qualquer fundamenta\u00e7\u00e3o t\u00e9cnico-sanit\u00e1ria para a edi\u00e7\u00e3o do decreto.<\/p>\n<p><strong>Separados, mas afinados\/<\/strong> Ningu\u00e9m aposta em contradi\u00e7\u00f5es entre os tr\u00eas ministros generais que v\u00e3o depor hoje no Pal\u00e1cio do Planalto, em salas separadas. Braga Neto (Casa Civil), Eduardo Ramos (Secretaria de Governo) e Augusto Heleno (Gabinete de Seguran\u00e7a Institucional) v\u00e3o afirmar que n\u00e3o viram nenhum sinal de interfer\u00eancia do presidente Jair Bolsonaro na Pol\u00edcia Federal.<\/p>\n","protected":false},"excerpt":{"rendered":"<p>Coluna Bras\u00edlia-DF Em seu depoimento \u00e0 Pol\u00edcia Federal, ao qual a coluna teve acesso, o ex-diretor-geral Maur\u00edcio Valeixo foi muito claro ao dizer que n\u00e3o \u00e9 \u201ccomportamento padr\u00e3o\u201d do cargo acesso direto \u00e0s equipes de investiga\u00e7\u00e3o em curso e, dado o \u201camadurecimento institucional\u201d, uma a\u00e7\u00e3o como essa seria formalizada nos autos e comunicada, no caso [&hellip;]<\/p>\n","protected":false},"author":29,"featured_media":5424,"comment_status":"closed","ping_status":"closed","sticky":false,"template":"","format":"standard","meta":{"wpb_read_more":[],"footnotes":""},"categories":[4],"tags":[316,322],"class_list":["post-5441","post","type-post","status-publish","format-standard","has-post-thumbnail","hentry","category-coluna-brasilia-df","tag-policia-federal","tag-valeixo"],"_links":{"self":[{"href":"https:\/\/blogs2.correiobraziliense.com.br\/denise\/wp-json\/wp\/v2\/posts\/5441","targetHints":{"allow":["GET"]}}],"collection":[{"href":"https:\/\/blogs2.correiobraziliense.com.br\/denise\/wp-json\/wp\/v2\/posts"}],"about":[{"href":"https:\/\/blogs2.correiobraziliense.com.br\/denise\/wp-json\/wp\/v2\/types\/post"}],"author":[{"embeddable":true,"href":"https:\/\/blogs2.correiobraziliense.com.br\/denise\/wp-json\/wp\/v2\/users\/29"}],"replies":[{"embeddable":true,"href":"https:\/\/blogs2.correiobraziliense.com.br\/denise\/wp-json\/wp\/v2\/comments?post=5441"}],"version-history":[{"count":0,"href":"https:\/\/blogs2.correiobraziliense.com.br\/denise\/wp-json\/wp\/v2\/posts\/5441\/revisions"}],"wp:attachment":[{"href":"https:\/\/blogs2.correiobraziliense.com.br\/denise\/wp-json\/wp\/v2\/media?parent=5441"}],"wp:term":[{"taxonomy":"category","embeddable":true,"href":"https:\/\/blogs2.correiobraziliense.com.br\/denise\/wp-json\/wp\/v2\/categories?post=5441"},{"taxonomy":"post_tag","embeddable":true,"href":"https:\/\/blogs2.correiobraziliense.com.br\/denise\/wp-json\/wp\/v2\/tags?post=5441"}],"curies":[{"name":"wp","href":"https:\/\/api.w.org\/{rel}","templated":true}]}}