{"id":5444,"date":"2020-05-13T05:44:11","date_gmt":"2020-05-13T08:44:11","guid":{"rendered":"http:\/\/blogs.correiobraziliense.com.br\/denise\/?p=5440"},"modified":"2020-05-13T05:44:11","modified_gmt":"2020-05-13T08:44:11","slug":"para-juristas-critica-de-bolsonaro-a-governadores-tem-tom-de-ameaca","status":"publish","type":"post","link":"https:\/\/blogs2.correiobraziliense.com.br\/denise\/para-juristas-critica-de-bolsonaro-a-governadores-tem-tom-de-ameaca\/","title":{"rendered":"Para juristas, cr\u00edtica de Bolsonaro a governadores tem tom de amea\u00e7a"},"content":{"rendered":"<p>Juristas e pol\u00edticos ficaram de cabelo em p\u00e9 com declara\u00e7\u00f5es do presidente<strong> Jair Bolsonaro<\/strong> sobre o fato de os<strong> governadores<\/strong> n\u00e3o seguirem o <strong>decreto<\/strong> de reabertura das academias, sal\u00f5es de beleza e barbearias.<\/p>\n<p>Houve quem considerasse uma <strong>amea\u00e7a<\/strong> <a href=\"https:\/\/www.correiobraziliense.com.br\/app\/noticia\/politica\/2020\/05\/12\/interna_politica,853947\/bolsonaro-governadores-que-nao-seguirem-decreto-afloram-autoritarism.shtml\" target=\"_blank\" rel=\"noopener\">o post que Bolsonaro publicou nas redes sociais sobre o assunto<\/a>, no qual afirmou que &#8220;afrontar o estado democr\u00e1tico de direito \u00e9 o pior caminho, aflora o indesej\u00e1vel autoritarismo no Brasil&#8221;.<\/p>\n<h2>Pretexto<\/h2>\n<p>H\u00e1 quem entenda que o n\u00e3o cumprimento do decreto pelos governadores servir\u00e1 ainda de pretexto para que o presidente n\u00e3o cumpra qualquer determina\u00e7\u00e3o judicial que julgar &#8220;inconveniente&#8221;.<\/p>\n","protected":false},"excerpt":{"rendered":"<p>Juristas e pol\u00edticos ficaram de cabelo em p\u00e9 com declara\u00e7\u00f5es do presidente Jair Bolsonaro sobre o fato de os governadores n\u00e3o seguirem o decreto de reabertura das academias, sal\u00f5es de beleza e barbearias. Houve quem considerasse uma amea\u00e7a o post que Bolsonaro publicou nas redes sociais sobre o assunto, no qual afirmou que &#8220;afrontar o [&hellip;]<\/p>\n","protected":false},"author":29,"featured_media":5441,"comment_status":"closed","ping_status":"closed","sticky":false,"template":"","format":"standard","meta":{"wpb_read_more":[],"footnotes":""},"categories":[4],"tags":[28,250,327],"class_list":["post-5444","post","type-post","status-publish","format-standard","has-post-thumbnail","hentry","category-coluna-brasilia-df","tag-bolsonaro","tag-governadores","tag-justica"],"_links":{"self":[{"href":"https:\/\/blogs2.correiobraziliense.com.br\/denise\/wp-json\/wp\/v2\/posts\/5444","targetHints":{"allow":["GET"]}}],"collection":[{"href":"https:\/\/blogs2.correiobraziliense.com.br\/denise\/wp-json\/wp\/v2\/posts"}],"about":[{"href":"https:\/\/blogs2.correiobraziliense.com.br\/denise\/wp-json\/wp\/v2\/types\/post"}],"author":[{"embeddable":true,"href":"https:\/\/blogs2.correiobraziliense.com.br\/denise\/wp-json\/wp\/v2\/users\/29"}],"replies":[{"embeddable":true,"href":"https:\/\/blogs2.correiobraziliense.com.br\/denise\/wp-json\/wp\/v2\/comments?post=5444"}],"version-history":[{"count":0,"href":"https:\/\/blogs2.correiobraziliense.com.br\/denise\/wp-json\/wp\/v2\/posts\/5444\/revisions"}],"wp:featuredmedia":[{"embeddable":true,"href":"https:\/\/blogs2.correiobraziliense.com.br\/denise\/wp-json\/wp\/v2\/posts\/5441"}],"wp:attachment":[{"href":"https:\/\/blogs2.correiobraziliense.com.br\/denise\/wp-json\/wp\/v2\/media?parent=5444"}],"wp:term":[{"taxonomy":"category","embeddable":true,"href":"https:\/\/blogs2.correiobraziliense.com.br\/denise\/wp-json\/wp\/v2\/categories?post=5444"},{"taxonomy":"post_tag","embeddable":true,"href":"https:\/\/blogs2.correiobraziliense.com.br\/denise\/wp-json\/wp\/v2\/tags?post=5444"}],"curies":[{"name":"wp","href":"https:\/\/api.w.org\/{rel}","templated":true}]}}