{"id":5445,"date":"2020-05-13T05:43:09","date_gmt":"2020-05-13T08:43:09","guid":{"rendered":"http:\/\/blogs.correiobraziliense.com.br\/denise\/?p=5444"},"modified":"2020-05-13T05:43:09","modified_gmt":"2020-05-13T08:43:09","slug":"resistencia-a-impeachment-de-bolsonaro-faz-weintraub-e-araujo-virarem-alvos","status":"publish","type":"post","link":"https:\/\/blogs2.correiobraziliense.com.br\/denise\/resistencia-a-impeachment-de-bolsonaro-faz-weintraub-e-araujo-virarem-alvos\/","title":{"rendered":"Resist\u00eancia a impeachment de Bolsonaro faz Weintraub e Ara\u00fajo virarem alvos"},"content":{"rendered":"<p>Diante da resist\u00eancia dos partidos em levar adiante um processo de<strong> impeachment<\/strong> contra o presidente <strong>Jair Bolsonaro<\/strong>, as bancadas de esquerda prometem aumentar a press\u00e3o sobre os ministros &#8220;ideol\u00f3gicos&#8221;, leiam-se o da Educa\u00e7\u00e3o, <strong>Abraham Weintraub<\/strong>, e o de Rela\u00e7\u00f5es Exteriores, <strong>Ernesto Ara\u00fajo<\/strong>. Ambos s\u00e3o objeto de pedidos de impeachment.<\/p>\n<p>Esse \u00e9, inclusive, um dos motivos dos partidos de oposi\u00e7\u00e3o para requisitar o levantamento do sigilo de toda a reuni\u00e3o ministerial de 22 de abril. A ideia \u00e9 usar a parte do encontro em que ministros se referem \u00e0 <strong>China<\/strong> para tentar refor\u00e7ar os pedidos de afastamento desses ministros.<\/p>\n<p>Um dos motivos que levou o ministro Celso de Mello, do STF, <a href=\"http:\/\/blogs.correiobraziliense.com.br\/denise\/video-da-reuniao-celso-de-mello-tende-a-liberar-apenas-fala-de-bolsonaro-a-moro\/\">a refletir sobre se torna ou n\u00e3o p\u00fablico o conte\u00fado da reuni\u00e3o \u00e9 justamente falas sobre o pa\u00eds asi\u00e1tico<\/a>. H\u00e1 um temor que a divulga\u00e7\u00e3o do que disseram alguns ministros gere um conflito diplom\u00e1tico.<\/p>\n<h2>Olho vivo<\/h2>\n<p>A comiss\u00e3o externa que acompanha as medidas de combate ao coronav\u00edrus vai colocar uma lupa na inten\u00e7\u00e3o do governo de liberar recursos para tratamento da covid-19 a munic\u00edpios indicados por parlamentares. O crit\u00e9rio deve ser cient\u00edfico e n\u00e3o pol\u00edtico.<\/p>\n<h2>Por falar em crit\u00e9rios&#8230;<\/h2>\n<p>O sumi\u00e7o de Nelson Teich ontem deixou muita gente preocupada com o futuro do ministro da Sa\u00fade dentro do governo. Afinal, se n\u00e3o \u00e9 nem consultado para liberar academias em tempo de pandemia, \u00e9 sinal de que a \u00e1rea de sa\u00fade n\u00e3o \u00e9 considerada na vis\u00e3o do Planalto.<\/p>\n<p>&nbsp;<\/p>\n","protected":false},"excerpt":{"rendered":"<p>Diante da resist\u00eancia dos partidos em levar adiante um processo de impeachment contra o presidente Jair Bolsonaro, as bancadas de esquerda prometem aumentar a press\u00e3o sobre os ministros &#8220;ideol\u00f3gicos&#8221;, leiam-se o da Educa\u00e7\u00e3o, Abraham Weintraub, e o de Rela\u00e7\u00f5es Exteriores, Ernesto Ara\u00fajo. Ambos s\u00e3o objeto de pedidos de impeachment. Esse \u00e9, inclusive, um dos motivos [&hellip;]<\/p>\n","protected":false},"author":29,"featured_media":5445,"comment_status":"closed","ping_status":"closed","sticky":false,"template":"","format":"standard","meta":{"wpb_read_more":[],"footnotes":""},"categories":[4],"tags":[],"class_list":["post-5445","post","type-post","status-publish","format-standard","has-post-thumbnail","hentry","category-coluna-brasilia-df"],"_links":{"self":[{"href":"https:\/\/blogs2.correiobraziliense.com.br\/denise\/wp-json\/wp\/v2\/posts\/5445","targetHints":{"allow":["GET"]}}],"collection":[{"href":"https:\/\/blogs2.correiobraziliense.com.br\/denise\/wp-json\/wp\/v2\/posts"}],"about":[{"href":"https:\/\/blogs2.correiobraziliense.com.br\/denise\/wp-json\/wp\/v2\/types\/post"}],"author":[{"embeddable":true,"href":"https:\/\/blogs2.correiobraziliense.com.br\/denise\/wp-json\/wp\/v2\/users\/29"}],"replies":[{"embeddable":true,"href":"https:\/\/blogs2.correiobraziliense.com.br\/denise\/wp-json\/wp\/v2\/comments?post=5445"}],"version-history":[{"count":0,"href":"https:\/\/blogs2.correiobraziliense.com.br\/denise\/wp-json\/wp\/v2\/posts\/5445\/revisions"}],"wp:featuredmedia":[{"embeddable":true,"href":"https:\/\/blogs2.correiobraziliense.com.br\/denise\/wp-json\/wp\/v2\/posts\/5445"}],"wp:attachment":[{"href":"https:\/\/blogs2.correiobraziliense.com.br\/denise\/wp-json\/wp\/v2\/media?parent=5445"}],"wp:term":[{"taxonomy":"category","embeddable":true,"href":"https:\/\/blogs2.correiobraziliense.com.br\/denise\/wp-json\/wp\/v2\/categories?post=5445"},{"taxonomy":"post_tag","embeddable":true,"href":"https:\/\/blogs2.correiobraziliense.com.br\/denise\/wp-json\/wp\/v2\/tags?post=5445"}],"curies":[{"name":"wp","href":"https:\/\/api.w.org\/{rel}","templated":true}]}}