{"id":5450,"date":"2020-05-14T07:39:55","date_gmt":"2020-05-14T10:39:55","guid":{"rendered":"http:\/\/blogs.correiobraziliense.com.br\/denise\/?p=5450"},"modified":"2020-05-14T07:39:55","modified_gmt":"2020-05-14T10:39:55","slug":"pt-se-mobiliza-para-que-nao-haja-cpi-sobre-interferencia-na-pf","status":"publish","type":"post","link":"https:\/\/blogs2.correiobraziliense.com.br\/denise\/pt-se-mobiliza-para-que-nao-haja-cpi-sobre-interferencia-na-pf\/","title":{"rendered":"PT se mobiliza para que n\u00e3o haja CPI sobre interfer\u00eancia na PF"},"content":{"rendered":"<h6><strong>Coluna Bras\u00edlia-DF<\/strong><\/h6>\n<p>Raz\u00f5es pol\u00edticas levam o presidente Jair Bolsonaro a ter uma situa\u00e7\u00e3o mais confort\u00e1vel do que possam parecer e fazer crer as declara\u00e7\u00f5es p\u00fablicas na C\u00e2mara e no Senado. Em conversas reservadas, muitos avaliam que a pre\u00e7os de hoje, mesmo que ainda existam d\u00favidas sobre tentativa de interfer\u00eancia na Pol\u00edcia Federal, n\u00e3o h\u00e1 espa\u00e7o nem para uma CPI.<\/p>\n<p>E n\u00e3o se trata apenas da pandemia. H\u00e1 uma discreta mobiliza\u00e7\u00e3o do PT para que n\u00e3o haja uma Comiss\u00e3o Parlamentar de Inqu\u00e9rito ou qualquer an\u00e1lise mais contundente que possa servir de holofote para o ex-ministro Sergio Moro.<\/p>\n<p>O PT tem hoje todo o interesse em manter a polariza\u00e7\u00e3o com Bolsonaro e n\u00e3o quer que outro ocupe esse lugar. Abrir hoje uma CPI, avaliam integrantes do partido de Lula, s\u00f3 serviria para dar palanque a Moro, tirando dos petistas o papel de atores principais da oposi\u00e7\u00e3o e transferindo esse antagonismo ao atual presidente para o colo do ex-juiz.<\/p>\n<h2>\n<strong>At\u00e9 aqui, a briga \u00e9 pol\u00edtica<\/strong><\/h2>\n<p>A avalia\u00e7\u00e3o dos mais atentos pol\u00edticos sobre a bateria de depoimentos indica que ningu\u00e9m, \u00e0 exce\u00e7\u00e3o de Moro, acusou diretamente o presidente Jair Bolsonaro de interferir na Pol\u00edcia Federal. O desgaste, avaliam alguns, ser\u00e1 mais pol\u00edtico do que jur\u00eddico.<\/p>\n<h2>\n<strong>\u201cMe incluam fora dessa\u201d<\/strong><\/h2>\n<p>O presidente do PSD, Gilberto Kassab, avisa a quem interessar: seu partido n\u00e3o faz parte do Centr\u00e3o nem far\u00e1. \u201cO Centr\u00e3o \u00e9 um grupo criado por Eduardo Cunha e era liderado por ele. Depois, quem comandou foi o Rodrigo Maia. Agora, n\u00e3o tem mais um comando\u201d, disse Kassab, em entrevista ao Frente-a-Frente, da Rede Vida de Televis\u00e3o. \u201cGrupo pol\u00edtico precisa ser formal, ou seja, ter lideran\u00e7a. O Centr\u00e3o agora n\u00e3o tem\u201d.<\/p>\n<h2>\n<strong>Liberados<\/strong><\/h2>\n<p>A avalia\u00e7\u00e3o de Kassab, entretanto, n\u00e3o significa que o PSD esteja totalmente longe do governo. \u201cO partido \u00e9 independente\u201d, diz ele, ao explicar que alguns deputados s\u00e3o mais pr\u00f3ximos e outros mais distantes.<\/p>\n<h2>\n<strong>Por falar em Centr\u00e3o\u2026<\/strong><\/h2>\n<p>A derrocada da medida provis\u00f3ria da regulariza\u00e7\u00e3o fundi\u00e1ria levou o PP do deputado Arthur Lyra (AL) a se afastar do presidente da C\u00e2mara, Rodrigo Maia, e a se aproximar ainda mais do governo do presidente Jair Bolsonaro. Lyra inclusive saiu do grupo de WhatsApp dos l\u00edderes com o presidente da Casa. Sentiu-se tra\u00eddo.<\/p>\n<p><strong>N\u00e3o ser\u00e1 por ali\/<\/strong> A an\u00e1lise da bateria de depoimentos de delegados da Pol\u00edcia Federal revela apenas a exist\u00eancia de uma investiga\u00e7\u00e3o que passou pelo nome de um dos filhos do presidente Jair Bolsonaro, no caso, o senador Fl\u00e1vio Bolsonaro (foto), e nada teve a ver com as agruras de hoje. Foi na esfera eleitoral e n\u00e3o houve pedido de indiciamento.<\/p>\n<p><strong>Contem comigo\/<\/strong> As not\u00edcias de que os ministros Augusto Heleno, Luiz Eduardo Ramos e Braga Neto fecharam a vers\u00e3o da seguran\u00e7a pessoal do presidente Jair Bolsonaro para os depoimentos levaram o vice-presidente Hamilton Mour\u00e3o a sair em defesa dos tr\u00eas generais. Mour\u00e3o disse que essa hist\u00f3ria de alinhar depoimentos \u00e9 de bandidos, e n\u00e3o de homens honrados como os ministros. Ou seja, os militares n\u00e3o deixar\u00e3o os seus ca\u00edrem em desgra\u00e7a, nem que sejam atacados sem resposta.<\/p>\n<p><strong>Cinema em casa\/<\/strong> A contar pelas conversas de bastidores dos ministros do Supremo Tribunal Federal, o v\u00eddeo da reuni\u00e3o de 22 de abril ainda vai render. Alguns t\u00eam dito que, para um julgamento do inqu\u00e9rito, eles ter\u00e3o que ter uma sess\u00e3o para ver as duas horas de reuni\u00e3o.<\/p>\n<p><strong>Surpresa geral\/<\/strong> A pris\u00e3o tempor\u00e1ria do empres\u00e1rio Andr\u00e9 Felipe de Oliveira, segundo suplente do senador Izalci Lucas (PSDB-DF), deixou a pol\u00edtica estarrecida, porque, h\u00e1 uma semana, Andr\u00e9 comemorava o fato de ter ajudado o amigo Helder Barbalho, governador do Par\u00e1, a conseguir comprar equipamentos.<\/p>\n","protected":false},"excerpt":{"rendered":"<p>Coluna Bras\u00edlia-DF Raz\u00f5es pol\u00edticas levam o presidente Jair Bolsonaro a ter uma situa\u00e7\u00e3o mais confort\u00e1vel do que possam parecer e fazer crer as declara\u00e7\u00f5es p\u00fablicas na C\u00e2mara e no Senado. Em conversas reservadas, muitos avaliam que a pre\u00e7os de hoje, mesmo que ainda existam d\u00favidas sobre tentativa de interfer\u00eancia na Pol\u00edcia Federal, n\u00e3o h\u00e1 espa\u00e7o [&hellip;]<\/p>\n","protected":false},"author":29,"featured_media":5342,"comment_status":"closed","ping_status":"closed","sticky":false,"template":"","format":"standard","meta":{"wpb_read_more":[],"footnotes":""},"categories":[4],"tags":[28,98,316,23,96],"class_list":["post-5450","post","type-post","status-publish","format-standard","has-post-thumbnail","hentry","category-coluna-brasilia-df","tag-bolsonaro","tag-lula","tag-policia-federal","tag-pt","tag-sergio-moro"],"_links":{"self":[{"href":"https:\/\/blogs2.correiobraziliense.com.br\/denise\/wp-json\/wp\/v2\/posts\/5450","targetHints":{"allow":["GET"]}}],"collection":[{"href":"https:\/\/blogs2.correiobraziliense.com.br\/denise\/wp-json\/wp\/v2\/posts"}],"about":[{"href":"https:\/\/blogs2.correiobraziliense.com.br\/denise\/wp-json\/wp\/v2\/types\/post"}],"author":[{"embeddable":true,"href":"https:\/\/blogs2.correiobraziliense.com.br\/denise\/wp-json\/wp\/v2\/users\/29"}],"replies":[{"embeddable":true,"href":"https:\/\/blogs2.correiobraziliense.com.br\/denise\/wp-json\/wp\/v2\/comments?post=5450"}],"version-history":[{"count":0,"href":"https:\/\/blogs2.correiobraziliense.com.br\/denise\/wp-json\/wp\/v2\/posts\/5450\/revisions"}],"wp:featuredmedia":[{"embeddable":true,"href":"https:\/\/blogs2.correiobraziliense.com.br\/denise\/wp-json\/wp\/v2\/media\/5342"}],"wp:attachment":[{"href":"https:\/\/blogs2.correiobraziliense.com.br\/denise\/wp-json\/wp\/v2\/media?parent=5450"}],"wp:term":[{"taxonomy":"category","embeddable":true,"href":"https:\/\/blogs2.correiobraziliense.com.br\/denise\/wp-json\/wp\/v2\/categories?post=5450"},{"taxonomy":"post_tag","embeddable":true,"href":"https:\/\/blogs2.correiobraziliense.com.br\/denise\/wp-json\/wp\/v2\/tags?post=5450"}],"curies":[{"name":"wp","href":"https:\/\/api.w.org\/{rel}","templated":true}]}}