{"id":5472,"date":"2020-05-19T07:44:21","date_gmt":"2020-05-19T10:44:21","guid":{"rendered":"http:\/\/blogs.correiobraziliense.com.br\/denise\/?p=5472"},"modified":"2020-05-19T07:44:21","modified_gmt":"2020-05-19T10:44:21","slug":"caso-queiroz-nao-e-o-unico-de-vazamento-para-politico-investigado","status":"publish","type":"post","link":"https:\/\/blogs2.correiobraziliense.com.br\/denise\/caso-queiroz-nao-e-o-unico-de-vazamento-para-politico-investigado\/","title":{"rendered":"Caso Queiroz n\u00e3o \u00e9 o \u00fanico de vazamento para pol\u00edtico investigado"},"content":{"rendered":"<h6><strong>Coluna Bras\u00edlia-DF<\/strong><\/h6>\n<p>A den\u00fancia de que um delegado da Pol\u00edcia Federal avisou Fl\u00e1vio Bolsonaro da opera\u00e7\u00e3o Furna da On\u00e7a ser\u00e1 investigada, por\u00e9m, n\u00e3o \u00e9 o \u00fanico caso desse tipo. O deputado federal Delegado Pablo (PSL-AM) que o diga.<\/p>\n<p>Na sexta-feira, ele, a m\u00e3e e empres\u00e1rios foram alvo de busca e apreens\u00e3o dentro da Opera\u00e7\u00e3o Serenato, em que ele foi acusado de uso do cargo para se beneficiar de informa\u00e7\u00f5es.<\/p>\n<p>Pablo divulgou um v\u00eddeo para dizer que as acusa\u00e7\u00f5es contra ele s\u00e3o mentirosas, infundadas e descabidas.<\/p>\n<p><a href=\"https:\/\/www.facebook.com\/DelegadoPablo\/posts\/2718466971598746?__cft__%5B0%5D=AZUpdU2ekXVHsliNInopBLMmxd3UXjPW89mzF-JdZz1RQ2o7o4-YcGXrUMa-bkf_v5MjEc4xHTybVugGw1lVYXuQTJCjwz_TVqDs-xYvE2l7NTpvHVvOYBa1arP1SsH0JpcrQOWhrINwgJ690bs0I9pUpaChXnOfiShFldDdayPaZqfGYBZx67gIgJG6fK5oDzw&#038;__tn__=%2CO%2CP-R\">https:\/\/www.facebook.com\/DelegadoPablo\/posts\/2718466971598746?__cft__%5B0%5D=AZUpdU2ekXVHsliNInopBLMmxd3UXjPW89mzF-JdZz1RQ2o7o4-YcGXrUMa-bkf_v5MjEc4xHTybVugGw1lVYXuQTJCjwz_TVqDs-xYvE2l7NTpvHVvOYBa1arP1SsH0JpcrQOWhrINwgJ690bs0I9pUpaChXnOfiShFldDdayPaZqfGYBZx67gIgJG6fK5oDzw&amp;__tn__=%2CO%2CP-R<\/a><\/p>\n","protected":false},"excerpt":{"rendered":"<p>Coluna Bras\u00edlia-DF A den\u00fancia de que um delegado da Pol\u00edcia Federal avisou Fl\u00e1vio Bolsonaro da opera\u00e7\u00e3o Furna da On\u00e7a ser\u00e1 investigada, por\u00e9m, n\u00e3o \u00e9 o \u00fanico caso desse tipo. O deputado federal Delegado Pablo (PSL-AM) que o diga. Na sexta-feira, ele, a m\u00e3e e empres\u00e1rios foram alvo de busca e apreens\u00e3o dentro da Opera\u00e7\u00e3o Serenato, [&hellip;]<\/p>\n","protected":false},"author":29,"featured_media":5479,"comment_status":"closed","ping_status":"closed","sticky":false,"template":"","format":"standard","meta":{"wpb_read_more":[],"footnotes":""},"categories":[4],"tags":[329,330,278],"class_list":["post-5472","post","type-post","status-publish","format-standard","has-post-thumbnail","hentry","category-coluna-brasilia-df","tag-caso-queiroz","tag-delegado-pablo","tag-pf"],"_links":{"self":[{"href":"https:\/\/blogs2.correiobraziliense.com.br\/denise\/wp-json\/wp\/v2\/posts\/5472","targetHints":{"allow":["GET"]}}],"collection":[{"href":"https:\/\/blogs2.correiobraziliense.com.br\/denise\/wp-json\/wp\/v2\/posts"}],"about":[{"href":"https:\/\/blogs2.correiobraziliense.com.br\/denise\/wp-json\/wp\/v2\/types\/post"}],"author":[{"embeddable":true,"href":"https:\/\/blogs2.correiobraziliense.com.br\/denise\/wp-json\/wp\/v2\/users\/29"}],"replies":[{"embeddable":true,"href":"https:\/\/blogs2.correiobraziliense.com.br\/denise\/wp-json\/wp\/v2\/comments?post=5472"}],"version-history":[{"count":0,"href":"https:\/\/blogs2.correiobraziliense.com.br\/denise\/wp-json\/wp\/v2\/posts\/5472\/revisions"}],"wp:featuredmedia":[{"embeddable":true,"href":"https:\/\/blogs2.correiobraziliense.com.br\/denise\/wp-json\/wp\/v2\/media\/5479"}],"wp:attachment":[{"href":"https:\/\/blogs2.correiobraziliense.com.br\/denise\/wp-json\/wp\/v2\/media?parent=5472"}],"wp:term":[{"taxonomy":"category","embeddable":true,"href":"https:\/\/blogs2.correiobraziliense.com.br\/denise\/wp-json\/wp\/v2\/categories?post=5472"},{"taxonomy":"post_tag","embeddable":true,"href":"https:\/\/blogs2.correiobraziliense.com.br\/denise\/wp-json\/wp\/v2\/tags?post=5472"}],"curies":[{"name":"wp","href":"https:\/\/api.w.org\/{rel}","templated":true}]}}