{"id":5511,"date":"2020-05-25T07:55:18","date_gmt":"2020-05-25T10:55:18","guid":{"rendered":"http:\/\/blogs.correiobraziliense.com.br\/denise\/?p=5511"},"modified":"2020-05-25T07:55:18","modified_gmt":"2020-05-25T10:55:18","slug":"apoiadores-sugerem-que-bolsonaro-demita-weintraub","status":"publish","type":"post","link":"https:\/\/blogs2.correiobraziliense.com.br\/denise\/apoiadores-sugerem-que-bolsonaro-demita-weintraub\/","title":{"rendered":"Apoiadores sugerem que Bolsonaro demita Weintraub"},"content":{"rendered":"<h6><strong>Coluna Bras\u00edlia-DF<\/strong><\/h6>\n<p>Os \u00faltimos lances pol\u00edticos colocaram o presidente do Supremo Tribunal Federal, Dias Toffoli, numa situa\u00e7\u00e3o de ser obrigado mais uma vez a reagir em defesa da institui\u00e7\u00e3o. At\u00e9 aqui, o comandante do STF tentava amenizar a rela\u00e7\u00e3o entre os Poderes, em busca do equil\u00edbrio e da boa conviv\u00eancia. Por\u00e9m, diante do video da reuni\u00e3o de 22 de abril e da nota do general Augusto Heleno, cuja leitura foi de amea\u00e7a \u00e0 estabilidade, a vis\u00e3o \u00e9 a de que o Supremo est\u00e1 sendo desmoralizado de forma injusta.<\/p>\n<p>\u00bb \u00bb \u00bb<\/p>\n<p>Na reuni\u00e3o, Bolsonaro repreende os ministros que n\u00e3o o defendem, mas n\u00e3o faz o mesmo quando Abraham Weintraub, da Educa\u00e7\u00e3o, xinga o Supremo e prega a pris\u00e3o de seus ministros. Se Bolsonaro quiser retomar a pol\u00edtica da boa vizinhan\u00e7a com outro Poder, ter\u00e1 que promover gestos nessa dire\u00e7\u00e3o. Ou seja, Weintraub balan\u00e7ar\u00e1 mais no cargo e sua sa\u00edda foi levada ao presidente por apoiadores pol\u00edticos como um gesto de pacifica\u00e7\u00e3o com o STF.<\/p>\n<p>\u00bb \u00bb \u00bb<\/p>\n<p>Em tempo: a defesa institucional nada tem a ver com os inqu\u00e9ritos em curso no STF. Ali, a letra da lei ser\u00e1 seguida \u00e0 risca, da mesma forma que foi o envio do pedido da oposi\u00e7\u00e3o, de apreens\u00e3o do celular presidencial, \u00e0 Procuradoria-Geral da Rep\u00fablica, para que d\u00ea seu parecer a respeito do m\u00e9rito do pedido feito pelos oposicionistas, sem ju\u00edzo de valor do STF. \u00c9 o que determina a lei. E, assim ser\u00e1.<\/p>\n<h2>\n<strong>Centr\u00e3o esfrega as m\u00e3os<\/strong><\/h2>\n<p>Juridicamente, at\u00e9 aqueles especialistas em direito ligados a partidos de esquerda t\u00eam dificuldades em caracterizar, em conversas reservadas, um crime cabal do presidente da Rep\u00fablica com base apenas no v\u00eddeo que desnudou o modus operandi do governo em 22 de abril.<\/p>\n<p>Por\u00e9m, do ponto de vista pol\u00edtico, o cen\u00e1rio est\u00e1 posto. N\u00e3o para a aprova\u00e7\u00e3o de um processo de impeachment, mas para que o Centr\u00e3o reforce ao presidente Jair Bolsonaro a necessidade de atender melhor aos seus deputados e senadores, leia-se participa\u00e7\u00e3o no governo.<\/p>\n<h2>\n<strong>Governo na encruzilhada<\/strong><\/h2>\n<p>Se tem algo que a reuni\u00e3o ministerial deixou patente aos pol\u00edticos e ao mercado \u00e9 que o governo, logo ali na frente, quando passar a pandemia, ter\u00e1 que optar por um caminho: sair da crise com investimentos do capital privado ou dobrar a aposta nos recursos p\u00fablicos.<\/p>\n<h2>\n<strong>Marinho versus Guedes<\/strong><\/h2>\n<p>Por enquanto, o ministro da Economia, Paulo Guedes, ganhou a parada, quando o presidente disse que \u00e9 ele quem determina a pol\u00edtica econ\u00f4mica. Por\u00e9m, o ministro do Desenvolvimento Regional, Rog\u00e9rio Marinho, demarca territ\u00f3rio ao dizer que \u00e9 preciso \u201cdeixar os dogmas de lado\u201d e que a pandemia requer investimentos p\u00fablicos.<\/p>\n<h2>\n<strong>Guedes versus Marinho<\/strong><\/h2>\n<p>L\u00e1 pelas tantas, Guedes rebate Marinho, dizendo que \u201cn\u00e3o tem m\u00fasica, n\u00e3o tem dogma, n\u00e3o tem bl\u00e1 bl\u00e1 bl\u00e1\u201d. O ministro da Economia refor\u00e7a que o Brasil saiu na frente dos emergentes e da Europa em termos de programas sociais de aux\u00edlio e completa: \u201cSe n\u00e3o existe algo, aqui \u00e9 dogma.\u201d<\/p>\n<p><strong>\u201cCaravana patriota\u201d\/<\/strong> Na sexta-feira, circulou por v\u00e1rios grupos de WhatsApp um apelo em busca de pessoas para completar um \u00f4nibus que sairia de S\u00e3o Paulo para Bras\u00edlia neste fim de semana, para participar de uma manifesta\u00e7\u00e3o em favor do presidente Jair Bolsonaro. Pre\u00e7o da passagem ida e volta: R$ 150. Em Bras\u00edlia, cada um teria que arcar com suas pr\u00f3prias despesas de hospedagem e alimenta\u00e7\u00e3o. A volta est\u00e1 marcada para hoje. Em plena pandemia, tem muita gente com medo de viajar.<\/p>\n<p><strong>O corpo fala\/<\/strong> O ministro de Infraestrutura, Tarc\u00edsio de Freitas, se remexe na cadeira. Justamente, quando o do Meio Ambiente, Ricardo Salles, diz na reuni\u00e3o que era preciso aproveitar o momento de aten\u00e7\u00e3o \u00e0 pandemia de covid-19 para, \u201cde baciada\u201d, desregulamentar setores, esquecendo o Congresso. Tarc\u00edsio est\u00e1 ministro, mas \u00e9 consultor da C\u00e2mara dos Deputados.<\/p>\n<p><strong>Por falar em Tarc\u00edsio&#8230;\/<\/strong> Na semana passada, representantes do Centr\u00e3o tentaram espalhar que Bolsonaro pretendia demitir o ministro. Era mentira e, no Planalto, ficou a desconfian\u00e7a de que um dos sonhos do Centr\u00e3o \u00e9 voltar a comandar a \u00e1rea de transportes, como fazia nos tempos do governo Dilma e Lula.<\/p>\n<p><strong>Damares, a exorcista\/<\/strong> A reuni\u00e3o ministerial j\u00e1 passava da metade quando o ministro do Turismo, Marcelo \u00c1lvaro, defendeu a implanta\u00e7\u00e3o dos resorts integrados, com uma parte dedicada aos cassinos, como parte importante para auxiliar na recupera\u00e7\u00e3o econ\u00f4mica do setor. Logo, a ministra dos Direitos Humanos, Damares Alves, reagiu: \u201cPacto com o Diabo!\u201d<\/p>\n<p><strong>Enquanto isso, nas redes sociais&#8230;\/<\/strong> O volume de 625 mil intera\u00e7\u00f5es com hashtags positivas ao presidente Jair Bolsonaro detectado pela consultoria Bytes na \u00faltima sexta-feira chamou a aten\u00e7\u00e3o da turma da CPI das Fake News. A ordem \u00e9 verificar se houve impulsionamento por rob\u00f4s, uma vez que as hashtags negativas chegaram a 112 mil intera\u00e7\u00f5es. Investiga\u00e7\u00f5es \u00e0 parte, a avalia\u00e7\u00e3o dos bolsonaristas, entretanto, \u00e9 a de que o presidente sempre cresce politicamente quando h\u00e1 um conflito direto com qualquer setor. Ele ganhou espa\u00e7o na pol\u00edtica com esse confronto e tens\u00e3o. E n\u00e3o largar\u00e1 as batalhas at\u00e9 o fim do governo.<\/p>\n","protected":false},"excerpt":{"rendered":"<p>Coluna Bras\u00edlia-DF Os \u00faltimos lances pol\u00edticos colocaram o presidente do Supremo Tribunal Federal, Dias Toffoli, numa situa\u00e7\u00e3o de ser obrigado mais uma vez a reagir em defesa da institui\u00e7\u00e3o. At\u00e9 aqui, o comandante do STF tentava amenizar a rela\u00e7\u00e3o entre os Poderes, em busca do equil\u00edbrio e da boa conviv\u00eancia. Por\u00e9m, diante do video da [&hellip;]<\/p>\n","protected":false},"author":29,"featured_media":4676,"comment_status":"closed","ping_status":"closed","sticky":false,"template":"","format":"standard","meta":{"wpb_read_more":[],"footnotes":""},"categories":[4],"tags":[228,28,135],"class_list":["post-5511","post","type-post","status-publish","format-standard","has-post-thumbnail","hentry","category-coluna-brasilia-df","tag-abraham-weintraub","tag-bolsonaro","tag-centrao"],"_links":{"self":[{"href":"https:\/\/blogs2.correiobraziliense.com.br\/denise\/wp-json\/wp\/v2\/posts\/5511","targetHints":{"allow":["GET"]}}],"collection":[{"href":"https:\/\/blogs2.correiobraziliense.com.br\/denise\/wp-json\/wp\/v2\/posts"}],"about":[{"href":"https:\/\/blogs2.correiobraziliense.com.br\/denise\/wp-json\/wp\/v2\/types\/post"}],"author":[{"embeddable":true,"href":"https:\/\/blogs2.correiobraziliense.com.br\/denise\/wp-json\/wp\/v2\/users\/29"}],"replies":[{"embeddable":true,"href":"https:\/\/blogs2.correiobraziliense.com.br\/denise\/wp-json\/wp\/v2\/comments?post=5511"}],"version-history":[{"count":0,"href":"https:\/\/blogs2.correiobraziliense.com.br\/denise\/wp-json\/wp\/v2\/posts\/5511\/revisions"}],"wp:featuredmedia":[{"embeddable":true,"href":"https:\/\/blogs2.correiobraziliense.com.br\/denise\/wp-json\/wp\/v2\/media\/4676"}],"wp:attachment":[{"href":"https:\/\/blogs2.correiobraziliense.com.br\/denise\/wp-json\/wp\/v2\/media?parent=5511"}],"wp:term":[{"taxonomy":"category","embeddable":true,"href":"https:\/\/blogs2.correiobraziliense.com.br\/denise\/wp-json\/wp\/v2\/categories?post=5511"},{"taxonomy":"post_tag","embeddable":true,"href":"https:\/\/blogs2.correiobraziliense.com.br\/denise\/wp-json\/wp\/v2\/tags?post=5511"}],"curies":[{"name":"wp","href":"https:\/\/api.w.org\/{rel}","templated":true}]}}