{"id":5513,"date":"2020-05-26T07:20:10","date_gmt":"2020-05-26T10:20:10","guid":{"rendered":"http:\/\/blogs.correiobraziliense.com.br\/denise\/?p=5513"},"modified":"2020-05-26T07:20:10","modified_gmt":"2020-05-26T10:20:10","slug":"fraude-em-obras-no-sol-nascente-pode-ter-causado-prejuizo-de-mais-de-15-milhoes","status":"publish","type":"post","link":"https:\/\/blogs2.correiobraziliense.com.br\/denise\/fraude-em-obras-no-sol-nascente-pode-ter-causado-prejuizo-de-mais-de-15-milhoes\/","title":{"rendered":"Sem conseguir processo de impeachment, oposi\u00e7\u00e3o mira cinco ministros"},"content":{"rendered":"<h6><strong>Coluna Bras\u00edlia-DF<\/strong><\/h6>\n<p>Sem condi\u00e7\u00f5es de levar adiante qualquer processo de impeachment do presidente Jair Bolsonaro, os partidos de oposi\u00e7\u00e3o v\u00e3o centrar fogo nos ministros que apareceram no v\u00eddeo da reuni\u00e3o de 22 de abril. Al\u00e9m do ministro da Educa\u00e7\u00e3o, Abraham Weintraub, a lista para convoca\u00e7\u00e3o a dar explica\u00e7\u00f5es ao plen\u00e1rio da C\u00e2mara e do Senado inclui outros quatro: Ricardo Salles, do Meio Ambiente, para explicar a passagem da \u201cboiada\u2019 de decretos de desregulamenta\u00e7\u00e3o; a ministra de Direitos Humanos, Damares Alves, para esclarecer que hist\u00f3ria \u00e9 essa de pedir pris\u00e3o de governadores e prefeitos; o da Economia, Paulo Guedes, para explicar a \u201cgranada\u201d do congelamento de sal\u00e1rios e, de quebra, a frase em que fala em privatizar \u201cessa p&#8230;\u201d, referindo-se ao Banco do Brasil.<\/p>\n<p>O quinto elemento da lista \u00e9 o ministro do Gabinete de Seguran\u00e7a Institucional, general Augusto Heleno, que funcionou como uma esp\u00e9cie de porta-voz de Bolsonaro, ao divulgar uma nota sobre o pedido da oposi\u00e7\u00e3o para a apreens\u00e3o do celular do presidente. Heleno, na avalia\u00e7\u00e3o dos l\u00edderes partid\u00e1rios, entrou na seara pol\u00edtica, com amea\u00e7as \u00e0 instabilidade institucional, em vez de centrar as aten\u00e7\u00f5es no servi\u00e7o de garantir a seguran\u00e7a do presidente e de seus parentes. Nunca antes na hist\u00f3ria do GSI um ministro foi t\u00e3o pol\u00edtico no exerc\u00edcio da fun\u00e7\u00e3o. Por\u00e9m, na avalia\u00e7\u00e3o do Planalto, Heleno n\u00e3o extrapolou um mil\u00edmetro. Afinal, seu gabinete \u00e9 de Seguran\u00e7a \u201cInstitucional\u201d.<\/p>\n<h2>\n<strong>Pe\u00e7as fundamentais<\/strong><\/h2>\n<p>Dois personagens s\u00e3o acompanhados de perto pelos fi\u00e9is escudeiros de Bolsonaro: o procurador-geral da Rep\u00fablica, Augusto Aras, a quem cabe legalmente, se for o caso, oferecer den\u00fancia contra o presidente; o outro \u00e9 o vice-presidente Hamilton Mour\u00e3o.<\/p>\n<h2>\n<strong>A hist\u00f3ria ensina<\/strong><\/h2>\n<p>O vice entrou na roda porque se verificou que, nos dois processos de impeachment \u2013\u2013 de Fernando Collor, em 1992, e de Dilma Rousseff, em 2016 \u2013\u2013, os vices terminaram entrando no jogo pol\u00edtico e ajudando no processo. Mour\u00e3o, justi\u00e7a seja feita, tem sido leal a Bolsonaro.<\/p>\n<h2>\n<strong>Nota &amp; atitude<\/strong><\/h2>\n<p>A nota aos brasileiros divulgada por Bolsonaro, falando de respeito entre os Poderes e membros do Legislativo e do Judici\u00e1rio, foi bem recebida. Por\u00e9m, ser\u00e1 preciso unir o discurso \u00e0 a\u00e7\u00e3o. Na reuni\u00e3o de 22 de abril, em que Abraham Weintraub chamou os ministros do Supremo de \u201cvagabundos\u201d, n\u00e3o houve sequer uma reprimenda pelo presidente.<\/p>\n<h2>\n<strong>Fl\u00e1vio na roda<\/strong><\/h2>\n<p>Ao pedir para acompanhar o depoimento do empres\u00e1rio Paulo Marinho, hoje, sobre a tentativa de interfer\u00eancia na Pol\u00edcia Federal, o senador Fl\u00e1vio Bolsonaro (Republicanos-RJ) pretende se precaver do que vem pela frente. Como o primeiro depoimento foi sigiloso, a ordem agora \u00e9 tentar saber o que Marinho tem de provas e se organizar para n\u00e3o ser pego de surpresa, em caso de acusa\u00e7\u00f5es diretas por parte de seu suplente.<\/p>\n<p><strong>Toca o barco\/<\/strong> Congressistas aliados a Bolsonaro comentam que Augusto Heleno submeteu a nota da semana passada ao presidente, antes de divulg\u00e1-la. Foi aquela sobre as consequ\u00eancias imprevis\u00edveis por causa do pedido de apreens\u00e3o do celular.<\/p>\n<p><strong>Devagar quase parando\/<\/strong> A aus\u00eancia de sess\u00f5es virtuais na Comiss\u00e3o Parlamentar Mista de Inqu\u00e9rito (CPMI) das Fake News come\u00e7a a incomodar. Afinal, se a comiss\u00e3o de acompanhamento externo da pandemia da covid-19 est\u00e1 funcionando, a CPMI deveria seguir esse exemplo.<\/p>\n<p><strong>Servi\u00e7o n\u00e3o falta\/<\/strong> Not\u00edcias falsas sobre a covid-19, por exemplo, t\u00eam se espalhado. At\u00e9 aqui, nem o presidente, senador Angelo Coronel (PSD-BA), nem a relatora, L\u00eddice da Matta (PSB-BA), se movimentaram para retomada dos trabalhos.<\/p>\n<p><strong>Vai dar o que falar\/<\/strong> A demora para a CPMI retomar os trabalhos provoca desconfian\u00e7as de acordos entre os governistas e o PSD, que comanda da comiss\u00e3o. Quanto mais demorar, mais desconfian\u00e7a vai gerar.<\/p>\n<p><strong>Ali\u00e1s&#8230;\/<\/strong> As fakes news foram, inclusive, parte do discurso do novo presidente do TSE, Luiz Roberto Barroso, que ressaltou a necessidade de aten\u00e7\u00e3o redobrada no per\u00edodo eleitoral: \u201cNa medida em que as redes sociais adquiriram protagonismo no processo eleitoral, passaram a sofrer a atua\u00e7\u00e3o pervertida de mil\u00edcias digitais, que disseminam o \u00f3dio e a radicaliza\u00e7\u00e3o\u201d, constatou.<\/p>\n","protected":false},"excerpt":{"rendered":"<p>Coluna Bras\u00edlia-DF Sem condi\u00e7\u00f5es de levar adiante qualquer processo de impeachment do presidente Jair Bolsonaro, os partidos de oposi\u00e7\u00e3o v\u00e3o centrar fogo nos ministros que apareceram no v\u00eddeo da reuni\u00e3o de 22 de abril. Al\u00e9m do ministro da Educa\u00e7\u00e3o, Abraham Weintraub, a lista para convoca\u00e7\u00e3o a dar explica\u00e7\u00f5es ao plen\u00e1rio da C\u00e2mara e do Senado [&hellip;]<\/p>\n","protected":false},"author":29,"featured_media":5514,"comment_status":"closed","ping_status":"closed","sticky":false,"template":"","format":"standard","meta":{"wpb_read_more":[],"footnotes":""},"categories":[4],"tags":[228,259,28,336,6,49,142],"class_list":["post-5513","post","type-post","status-publish","format-standard","has-post-thumbnail","hentry","category-coluna-brasilia-df","tag-abraham-weintraub","tag-augusto-heleno","tag-bolsonaro","tag-damares","tag-impeachment","tag-paulo-guedes","tag-ricardo-salles"],"_links":{"self":[{"href":"https:\/\/blogs2.correiobraziliense.com.br\/denise\/wp-json\/wp\/v2\/posts\/5513","targetHints":{"allow":["GET"]}}],"collection":[{"href":"https:\/\/blogs2.correiobraziliense.com.br\/denise\/wp-json\/wp\/v2\/posts"}],"about":[{"href":"https:\/\/blogs2.correiobraziliense.com.br\/denise\/wp-json\/wp\/v2\/types\/post"}],"author":[{"embeddable":true,"href":"https:\/\/blogs2.correiobraziliense.com.br\/denise\/wp-json\/wp\/v2\/users\/29"}],"replies":[{"embeddable":true,"href":"https:\/\/blogs2.correiobraziliense.com.br\/denise\/wp-json\/wp\/v2\/comments?post=5513"}],"version-history":[{"count":0,"href":"https:\/\/blogs2.correiobraziliense.com.br\/denise\/wp-json\/wp\/v2\/posts\/5513\/revisions"}],"wp:featuredmedia":[{"embeddable":true,"href":"https:\/\/blogs2.correiobraziliense.com.br\/denise\/wp-json\/wp\/v2\/media\/5514"}],"wp:attachment":[{"href":"https:\/\/blogs2.correiobraziliense.com.br\/denise\/wp-json\/wp\/v2\/media?parent=5513"}],"wp:term":[{"taxonomy":"category","embeddable":true,"href":"https:\/\/blogs2.correiobraziliense.com.br\/denise\/wp-json\/wp\/v2\/categories?post=5513"},{"taxonomy":"post_tag","embeddable":true,"href":"https:\/\/blogs2.correiobraziliense.com.br\/denise\/wp-json\/wp\/v2\/tags?post=5513"}],"curies":[{"name":"wp","href":"https:\/\/api.w.org\/{rel}","templated":true}]}}