{"id":5517,"date":"2020-05-27T09:11:32","date_gmt":"2020-05-27T12:11:32","guid":{"rendered":"http:\/\/blogs.correiobraziliense.com.br\/denise\/?p=5517"},"modified":"2020-05-27T09:11:32","modified_gmt":"2020-05-27T12:11:32","slug":"com-operacao-contra-witzel-pf-ganha-anticorpo-contra-discurso-de-perseguicao-de-bolsonaro","status":"publish","type":"post","link":"https:\/\/blogs2.correiobraziliense.com.br\/denise\/com-operacao-contra-witzel-pf-ganha-anticorpo-contra-discurso-de-perseguicao-de-bolsonaro\/","title":{"rendered":"Com opera\u00e7\u00e3o contra Witzel, PF ganha &#8216;anticorpo&#8217; contra discurso de persegui\u00e7\u00e3o de Bolsonaro"},"content":{"rendered":"<h6><strong>Coluna Bras\u00edlia-DF<\/strong><\/h6>\n<p>Ao agir com rigor nas investiga\u00e7\u00f5es que levantaram suspeitas sobre o governador do Rio, Wilson Witzel, a Pol\u00edcia Federal (PF) ganha uma esp\u00e9cie de anticorpo ao discurso do presidente Jair Bolsonaro, de persegui\u00e7\u00e3o \u00e0 sua fam\u00edlia e amigos. Afinal, se alguma suspeita sobre advers\u00e1rios presidenciais precisam ser investigadas, o mesmo vale para seus aliados e familiares, se houver algo a ser apurado. Afinal, a lei deve valer para todos.<\/p>\n<p>A avalia\u00e7\u00e3o de quem acompanha de perto o trabalho da PF \u00e9 a de que o mesmo presidente que aplaude a PF, quando os delegados e agentes v\u00e3o a fundo em busca de apurar se h\u00e1 alguma verdade nas suspeitas que recaem sobre os advers\u00e1rios, n\u00e3o poder\u00e1 reclamar se os investigadores colocarem uma lupa nos aliados.<\/p>\n<h2><strong>Guerra carioca<\/strong><\/h2>\n<p>A cita\u00e7\u00e3o ao senador Fl\u00e1vio Bolsonaro (Republicanos-RJ) no pronunciamento de Witzel deu ao Planalto a certeza de que o Rio ser\u00e1 um territ\u00f3rio conflagrado daqui por diante. Ali, n\u00e3o tem mais tr\u00e9gua.<\/p>\n<h2><strong>Fogo cruzado<\/strong><\/h2>\n<p>Witzel ficar\u00e1 na cobran\u00e7a para que tudo envolvendo o senador seja apurado, assim como o empr\u00e9stimo que Bolsonaro disse ter feito a Fabr\u00edcio Queiroz, l\u00e1 atr\u00e1s, e que o ex-assessor pagou parcelado, e incluiu um cheque \u00e0 primeira-dama. Fl\u00e1vio foi \u00e0s redes para responder, partindo para o ataque tanto ao governador quanto ao empres\u00e1rio Paulo Marinho, com quem comp\u00f4s chapa em 2018 \u2013\u2013 e, hoje, chama de \u201ccanalha\u201d e \u201clobista\u201d.<\/p>\n<h2><strong>Outra pandemia<\/strong><\/h2>\n<p>Os cruzamentos da Controladoria-Geral da Uni\u00e3o (CGU), que tentam detectar quem recebeu irregularmente o aux\u00edlio emergencial de R$ 600, apontaram doadores de mais de R$ 10 mil a candidatos nas elei\u00e7\u00f5es recebendo a ajuda agora. Os analistas suspeitam que muita gente teve o CPF usado para esquentar o dinheiro que chegou \u00e0s campanhas. A ordem \u00e9 rastrear tudo. Vai ter muita gente respondendo na Justi\u00e7a Eleitoral.<\/p>\n<h2><strong>Curtida<\/strong><\/h2>\n<p><strong>O favorito\/<\/strong> Em conversas reservadas, deputados t\u00eam apontado o l\u00edder do PP, Arthur Lyra (AL), como o mais forte candidato, hoje, para suceder Rodrigo Maia na presid\u00eancia da C\u00e2mara dos Deputados. Dentro do governo, h\u00e1 quem esteja preocupado, porque, embora seja o nome que se aproxima do Planalto, aliados do presidente n\u00e3o o veem como \u201cpau para toda obra\u201d.<\/p>\n<p><strong>\u00c9 o que tem para hoje\/<\/strong> O problema, entretanto, \u00e9 que o presidente n\u00e3o est\u00e1 numa posi\u00e7\u00e3o confort\u00e1vel para indicar um candidato da sua total confian\u00e7a e garantir que ele ser\u00e1 eleito. Ter\u00e1 que aceitar o que for de maior consenso no Centr\u00e3o.<\/p>\n<p><strong>Ningu\u00e9m esquece\/<\/strong> Em sua \u00e9poca, a presidente Dilma Rousseff lan\u00e7ou um nome da sua confian\u00e7a para concorrer contra Eduardo Cunha e perdeu. O desfecho levou \u00e0 abertura de processo de impeachment.<\/p>\n<p><strong>Cambridge e os \u00edndios\/<\/strong> A Universidade de Cambridge far\u00e1 um painel, sexta-feira, \u00e0s 14h, para discutir o impacto da covid-19 em povos ind\u00edgenas no Brasil. Na roda, o advogado e antrop\u00f3logo Bruno Morais, a antrop\u00f3loga Lu\u00edsa Valentini, da USP, al\u00e9m do professor Bruno Pegorari, com doutorado na Universidade de Nova Gales do Sul, e o advogado Eliesio Marubo. O painel foi inspirado na decis\u00e3o do desembargador Souza Prudente, que h\u00e1 quatro dias proibiu um pastor de manter contato com povos isolados por causa da covid-19. A hora \u00e9 de proteger os povos de contamina\u00e7\u00e3o.<\/p>\n","protected":false},"excerpt":{"rendered":"<p>Coluna Bras\u00edlia-DF Ao agir com rigor nas investiga\u00e7\u00f5es que levantaram suspeitas sobre o governador do Rio, Wilson Witzel, a Pol\u00edcia Federal (PF) ganha uma esp\u00e9cie de anticorpo ao discurso do presidente Jair Bolsonaro, de persegui\u00e7\u00e3o \u00e0 sua fam\u00edlia e amigos. Afinal, se alguma suspeita sobre advers\u00e1rios presidenciais precisam ser investigadas, o mesmo vale para seus [&hellip;]<\/p>\n","protected":false},"author":29,"featured_media":5519,"comment_status":"closed","ping_status":"closed","sticky":false,"template":"","format":"standard","meta":{"wpb_read_more":[],"footnotes":""},"categories":[4],"tags":[28,316],"class_list":["post-5517","post","type-post","status-publish","format-standard","has-post-thumbnail","hentry","category-coluna-brasilia-df","tag-bolsonaro","tag-policia-federal"],"_links":{"self":[{"href":"https:\/\/blogs2.correiobraziliense.com.br\/denise\/wp-json\/wp\/v2\/posts\/5517","targetHints":{"allow":["GET"]}}],"collection":[{"href":"https:\/\/blogs2.correiobraziliense.com.br\/denise\/wp-json\/wp\/v2\/posts"}],"about":[{"href":"https:\/\/blogs2.correiobraziliense.com.br\/denise\/wp-json\/wp\/v2\/types\/post"}],"author":[{"embeddable":true,"href":"https:\/\/blogs2.correiobraziliense.com.br\/denise\/wp-json\/wp\/v2\/users\/29"}],"replies":[{"embeddable":true,"href":"https:\/\/blogs2.correiobraziliense.com.br\/denise\/wp-json\/wp\/v2\/comments?post=5517"}],"version-history":[{"count":0,"href":"https:\/\/blogs2.correiobraziliense.com.br\/denise\/wp-json\/wp\/v2\/posts\/5517\/revisions"}],"wp:featuredmedia":[{"embeddable":true,"href":"https:\/\/blogs2.correiobraziliense.com.br\/denise\/wp-json\/wp\/v2\/media\/5519"}],"wp:attachment":[{"href":"https:\/\/blogs2.correiobraziliense.com.br\/denise\/wp-json\/wp\/v2\/media?parent=5517"}],"wp:term":[{"taxonomy":"category","embeddable":true,"href":"https:\/\/blogs2.correiobraziliense.com.br\/denise\/wp-json\/wp\/v2\/categories?post=5517"},{"taxonomy":"post_tag","embeddable":true,"href":"https:\/\/blogs2.correiobraziliense.com.br\/denise\/wp-json\/wp\/v2\/tags?post=5517"}],"curies":[{"name":"wp","href":"https:\/\/api.w.org\/{rel}","templated":true}]}}