{"id":5518,"date":"2020-05-27T09:17:07","date_gmt":"2020-05-27T12:17:07","guid":{"rendered":"http:\/\/blogs.correiobraziliense.com.br\/denise\/?p=5518"},"modified":"2020-05-27T09:17:07","modified_gmt":"2020-05-27T12:17:07","slug":"incomodado-bolsonaro-nao-comenta-acusacoes-de-marinho-nem-com-aliados","status":"publish","type":"post","link":"https:\/\/blogs2.correiobraziliense.com.br\/denise\/incomodado-bolsonaro-nao-comenta-acusacoes-de-marinho-nem-com-aliados\/","title":{"rendered":"Incomodado, Bolsonaro n\u00e3o comenta acusa\u00e7\u00f5es de Marinho nem com aliados"},"content":{"rendered":"<h6><strong>Coluna Bras\u00edlia-DF<\/strong><\/h6>\n<p>O fato de Celso de Mello impor sigilo ao depoimento de Paulo Marinho, negando acesso a Fl\u00e1vio Bolsonaro, corre o risco de, mais uma vez, gerar constrangimento entre os Poderes. Entre aliados do presidente, prevalecia, ontem, a avalia\u00e7\u00e3o de que se o v\u00eddeo da reuni\u00e3o ministerial de 22 de abril foi p\u00fablico, o depoimento de Marinho dentro do mesmo processo tamb\u00e9m deveria ser.<\/p>\n<h2><strong>Muito al\u00e9m da reuni\u00e3o II<\/strong><\/h2>\n<p>Fl\u00e1vio Bolsonaro n\u00e3o tem sossego desde que o Coaf detectou as movimenta\u00e7\u00f5es financeiras at\u00edpicas de Fabr\u00edcio Queiroz. Agora, com as den\u00fancias do seu suplente, Paulo Marinho, Fl\u00e1vio volta \u00e0 \u201cbaila\u201d. O assunto incomoda tanto o presidente a ponto de evitar, inclusive, falar a respeito com seus aliados.<\/p>\n","protected":false},"excerpt":{"rendered":"<p>Coluna Bras\u00edlia-DF O fato de Celso de Mello impor sigilo ao depoimento de Paulo Marinho, negando acesso a Fl\u00e1vio Bolsonaro, corre o risco de, mais uma vez, gerar constrangimento entre os Poderes. Entre aliados do presidente, prevalecia, ontem, a avalia\u00e7\u00e3o de que se o v\u00eddeo da reuni\u00e3o ministerial de 22 de abril foi p\u00fablico, o [&hellip;]<\/p>\n","protected":false},"author":29,"featured_media":5521,"comment_status":"closed","ping_status":"closed","sticky":false,"template":"","format":"standard","meta":{"wpb_read_more":[],"footnotes":""},"categories":[4],"tags":[],"class_list":["post-5518","post","type-post","status-publish","format-standard","has-post-thumbnail","hentry","category-coluna-brasilia-df"],"_links":{"self":[{"href":"https:\/\/blogs2.correiobraziliense.com.br\/denise\/wp-json\/wp\/v2\/posts\/5518","targetHints":{"allow":["GET"]}}],"collection":[{"href":"https:\/\/blogs2.correiobraziliense.com.br\/denise\/wp-json\/wp\/v2\/posts"}],"about":[{"href":"https:\/\/blogs2.correiobraziliense.com.br\/denise\/wp-json\/wp\/v2\/types\/post"}],"author":[{"embeddable":true,"href":"https:\/\/blogs2.correiobraziliense.com.br\/denise\/wp-json\/wp\/v2\/users\/29"}],"replies":[{"embeddable":true,"href":"https:\/\/blogs2.correiobraziliense.com.br\/denise\/wp-json\/wp\/v2\/comments?post=5518"}],"version-history":[{"count":0,"href":"https:\/\/blogs2.correiobraziliense.com.br\/denise\/wp-json\/wp\/v2\/posts\/5518\/revisions"}],"wp:featuredmedia":[{"embeddable":true,"href":"https:\/\/blogs2.correiobraziliense.com.br\/denise\/wp-json\/wp\/v2\/media\/5521"}],"wp:attachment":[{"href":"https:\/\/blogs2.correiobraziliense.com.br\/denise\/wp-json\/wp\/v2\/media?parent=5518"}],"wp:term":[{"taxonomy":"category","embeddable":true,"href":"https:\/\/blogs2.correiobraziliense.com.br\/denise\/wp-json\/wp\/v2\/categories?post=5518"},{"taxonomy":"post_tag","embeddable":true,"href":"https:\/\/blogs2.correiobraziliense.com.br\/denise\/wp-json\/wp\/v2\/tags?post=5518"}],"curies":[{"name":"wp","href":"https:\/\/api.w.org\/{rel}","templated":true}]}}