{"id":5547,"date":"2020-06-02T07:25:29","date_gmt":"2020-06-02T10:25:29","guid":{"rendered":"http:\/\/blogs.correiobraziliense.com.br\/denise\/?p=5547"},"modified":"2020-06-02T07:25:29","modified_gmt":"2020-06-02T10:25:29","slug":"governo-usa-o-pl-como-barriga-de-aluguel","status":"publish","type":"post","link":"https:\/\/blogs2.correiobraziliense.com.br\/denise\/governo-usa-o-pl-como-barriga-de-aluguel\/","title":{"rendered":"Governo usa o PL como \u201cbarriga de aluguel\u201d"},"content":{"rendered":"<h6><strong>Coluna Bras\u00edlia-DF<\/strong><\/h6>\n<p>Os padrinhos dos novos ocupantes de cargos considerados \u201ctop de linha\u201d do governo v\u00e3o muito al\u00e9m dos l\u00edderes do Centr\u00e3o. O Banco do Nordeste (BNB), por exemplo, tende a se transformar numa \u201cjoint venture\u201d entre uma parte do PL de Valdemar Costa Neto e o PTB de Roberto Jefferson, o respons\u00e1vel pela indica\u00e7\u00e3o de Alexandre Borges Cabral para comandar a institui\u00e7\u00e3o.<\/p>\n<p>Os l\u00edderes do PL tentaram por tr\u00eas vezes emplacar algu\u00e9m que fosse indicado apenas pelos seus, mas a nomea\u00e7\u00e3o saiu somente depois de o governo fechar tamb\u00e9m com o PTB \u2014 que, ali\u00e1s, j\u00e1 havia indicado Cabral para a Casa da Moeda, no governo de Michel Temer, pelas m\u00e3os de dois deputados \u00e0 \u00e9poca, Jovair Arantes e Nelson Marquezelli.<\/p>\n<p>Da mesma forma que agora o governo usa o PL como \u201cbarriga de aluguel\u201d para indicar um aliado do PTB, Arthur Lyra, o l\u00edder do PP, cedeu a indica\u00e7\u00e3o do chefe do Departamento Nacional de Obras Contra as Secas (Dnocs) ao PL pernambucano e ao Avante, como forma de atrair aliados para a sua campanha pela Presid\u00eancia da C\u00e2mara. E as indica\u00e7\u00f5es ainda n\u00e3o acabaram. Outros cargos vir\u00e3o.<\/p>\n<p>Em tempo: Roberto Jefferson diz que n\u00e3o teve nada a ver com nenhuma das duas indica\u00e7\u00f5es de Cabral. Afirma que nem sabe quem \u00e9.<\/p>\n<h2>\n<strong>Foca no Celso<\/strong><\/h2>\n<p>A mensagem que o ministro do Supremo Tribunal Federal (STF) Celso de Mello enviou a amigos, preocupado que ocorra no Brasil o que houve na Alemanha, com a destrui\u00e7\u00e3o da democracia pelos nazistas, desviou o foco dos apoiadores do presidente: agora, \u00e9 primeiro Celso de Mello, depois Alexandre de Moraes.<\/p>\n<h2>\n<strong>Sem intermedi\u00e1rios<\/strong><\/h2>\n<p>O PP de Ciro Nogueira n\u00e3o aceitou dividir o FNDE com outros partidos. Pelo menos at\u00e9 aqui, a indica\u00e7\u00e3o do novo comandante do Fundo Nacional de Desenvolvimento da Educa\u00e7\u00e3o foi da lavra de seu presidente, o senador Ciro Nogueira (PP-PI)<\/p>\n<h2>\n<strong>Continhas<\/strong><\/h2>\n<p>Com o Centr\u00e3o, Bolsonaro espera fechar 280 votos em seu favor na C\u00e2mara dos Deputados. Assim, avaliam aliados do Planalto, n\u00e3o tem impeachment que prospere.<\/p>\n<h2>\n<strong>Outros c\u00e1lculos<\/strong><\/h2>\n<p>O deputado Eduardo Bolsonaro (PSL-SP) tem dito que o governo pode participar da elei\u00e7\u00e3o da Presid\u00eancia da C\u00e2mara. O \u00faltimo que tentou isso acabou perdendo apoios. A pre\u00e7os de hoje, \u00e9 imposs\u00edvel fechar um nome e deixar todos os aliados de Bolsonaro satisfeitos.<\/p>\n<h2>CURTIDAS<\/h2>\n<p><strong>Juiz versus capit\u00e3o\/<\/strong> Ao responder \u00e0s provoca\u00e7\u00f5es de Bolsonaro, o ex-ministro da Justi\u00e7a Sergio Moro chama o presidente para o ringue. Entre o dois, em termos de servi\u00e7os prestados ao pa\u00eds, a biografia de Moro tem mais subst\u00e2ncia. Bolsonaro, afinal, ao longo de 28 anos de mandato, n\u00e3o teve qualquer projeto que levasse a sua marca.<\/p>\n<p><strong>Enquanto isso, no combate \u00e0 pandemia&#8230;\/<\/strong> O fato de a Organiza\u00e7\u00e3o Mundial de Sa\u00fade (OMS) dizer que a Am\u00e9rica do Sul ainda n\u00e3o atingiu o pico da pandemia da covid-19 deixou muita gente com receio de que a retomada das atividades normais, em algumas cidades brasileiras, esteja ocorrendo antes da hora. Preocupante.<\/p>\n","protected":false},"excerpt":{"rendered":"<p>Coluna Bras\u00edlia-DF Os padrinhos dos novos ocupantes de cargos considerados \u201ctop de linha\u201d do governo v\u00e3o muito al\u00e9m dos l\u00edderes do Centr\u00e3o. O Banco do Nordeste (BNB), por exemplo, tende a se transformar numa \u201cjoint venture\u201d entre uma parte do PL de Valdemar Costa Neto e o PTB de Roberto Jefferson, o respons\u00e1vel pela indica\u00e7\u00e3o [&hellip;]<\/p>\n","protected":false},"author":29,"featured_media":5550,"comment_status":"closed","ping_status":"closed","sticky":false,"template":"","format":"standard","meta":{"wpb_read_more":[],"footnotes":""},"categories":[4],"tags":[135,340],"class_list":["post-5547","post","type-post","status-publish","format-standard","has-post-thumbnail","hentry","category-coluna-brasilia-df","tag-centrao","tag-pl"],"_links":{"self":[{"href":"https:\/\/blogs2.correiobraziliense.com.br\/denise\/wp-json\/wp\/v2\/posts\/5547","targetHints":{"allow":["GET"]}}],"collection":[{"href":"https:\/\/blogs2.correiobraziliense.com.br\/denise\/wp-json\/wp\/v2\/posts"}],"about":[{"href":"https:\/\/blogs2.correiobraziliense.com.br\/denise\/wp-json\/wp\/v2\/types\/post"}],"author":[{"embeddable":true,"href":"https:\/\/blogs2.correiobraziliense.com.br\/denise\/wp-json\/wp\/v2\/users\/29"}],"replies":[{"embeddable":true,"href":"https:\/\/blogs2.correiobraziliense.com.br\/denise\/wp-json\/wp\/v2\/comments?post=5547"}],"version-history":[{"count":0,"href":"https:\/\/blogs2.correiobraziliense.com.br\/denise\/wp-json\/wp\/v2\/posts\/5547\/revisions"}],"wp:featuredmedia":[{"embeddable":true,"href":"https:\/\/blogs2.correiobraziliense.com.br\/denise\/wp-json\/wp\/v2\/media\/5550"}],"wp:attachment":[{"href":"https:\/\/blogs2.correiobraziliense.com.br\/denise\/wp-json\/wp\/v2\/media?parent=5547"}],"wp:term":[{"taxonomy":"category","embeddable":true,"href":"https:\/\/blogs2.correiobraziliense.com.br\/denise\/wp-json\/wp\/v2\/categories?post=5547"},{"taxonomy":"post_tag","embeddable":true,"href":"https:\/\/blogs2.correiobraziliense.com.br\/denise\/wp-json\/wp\/v2\/tags?post=5547"}],"curies":[{"name":"wp","href":"https:\/\/api.w.org\/{rel}","templated":true}]}}