{"id":5564,"date":"2020-06-04T08:00:25","date_gmt":"2020-06-04T11:00:25","guid":{"rendered":"http:\/\/blogs.correiobraziliense.com.br\/denise\/?p=5564"},"modified":"2020-06-04T08:00:25","modified_gmt":"2020-06-04T11:00:25","slug":"procuradores-comecam-a-preparar-acoes-contra-quem-superfaturou-e-promoveu-aglomeracoes","status":"publish","type":"post","link":"https:\/\/blogs2.correiobraziliense.com.br\/denise\/procuradores-comecam-a-preparar-acoes-contra-quem-superfaturou-e-promoveu-aglomeracoes\/","title":{"rendered":"Procuradores come\u00e7am a preparar a\u00e7\u00f5es contra quem superfaturou e promoveu aglomera\u00e7\u00f5es"},"content":{"rendered":"<h6><strong>Coluna Bras\u00edlia-DF<\/strong><\/h6>\n<p>O Minist\u00e9rio P\u00fablico Federal come\u00e7ou a anotar no caderninho todas as a\u00e7\u00f5es que v\u00e3o contra o que determinam as normas de sa\u00fade p\u00fablica e, de quebra, as compras de equipamentos superfaturadas que n\u00e3o foram entregues. Isso significa que, mesmo quando passar a pandemia, os gestores e autoridades v\u00e3o responder pelas a\u00e7\u00f5es. As anota\u00e7\u00f5es incluem ainda o desprezo \u00e0s normas que protegem a sa\u00fade, como, por exemplo, promover aglomera\u00e7\u00f5es.Vem muito barulho por a\u00ed.<\/p>\n<h2>\n<strong>T\u00e1 dif\u00edcil<\/strong><\/h2>\n<p>Quem faz o pente-fino das indica\u00e7\u00f5es pol\u00edticas para cargos no governo tem dito que est\u00e1 cada vez mais dif\u00edcil encontrar nomes de peso que se disponham a ser apadrinhados pelos partidos. \u00c9 que, depois da Lava-Jato, t\u00e9cnicos renomados querem dist\u00e2ncia de qualquer coisa que possa virar processo l\u00e1 na frente.<\/p>\n<h2>\n<strong>A queda de bra\u00e7o no BNB<\/strong><\/h2>\n<p>Nomeado interinamente para o comando do Banco Nacional do Nordeste, Ant\u00f4nio Jorge Pontes Guimar\u00e3es J\u00fanior j\u00e1 tem uma torcida por sua perman\u00eancia no cargo. Ele \u00e9 diretor financeiro e de cr\u00e9dito. Foi superintendente das \u00e1reas de Tecnologia da Informa\u00e7\u00e3o, de Opera\u00e7\u00f5es Financeiras e de Mercados de capitais e regional da Bahia. Os partidos j\u00e1 est\u00e3o em polvorosa para ver quem vai emplacar um novo presidente.<\/p>\n<h2>\n<strong>Rolim na \u00e1rea<\/strong><\/h2>\n<p>Um grupo dentro do governo prega o retorno de Romildo Rolim, o presidente do BNB afastado para dar lugar a Alexandre Borges Cabral, o breve. Rolim estava na presid\u00eancia do BNB desde 2017 e tinha como um dos seus padrinhos o atual l\u00edder do governo no Senado, Fernando Bezerra Coelho (MDB-PE).<\/p>\n<h2>\n<strong>Tal e qual a sa\u00fade<\/strong><\/h2>\n<p>Para evitar brigas entre os partidos, a tend\u00eancia, segundo assessores palacianos, \u00e9 manter a interinidade de Guimar\u00e3es J\u00fanior a perder de vista. Eduardo Pazuello, confirmado ontem como o interino da Sa\u00fade, segue no mesmo caminho. \u00c9 a forma de evitar novos problemas com as indica\u00e7\u00f5es.<\/p>\n<h2>\n<strong>Nem tudo est\u00e1 perdido<\/strong><\/h2>\n<p>A queda do d\u00f3lar e a alta da Bolsa de Valores foram considerados um alento para a equipe econ\u00f4mica e se deu gra\u00e7as \u00e0 reaproxima\u00e7\u00e3o entre os Poderes e a retomada da China e da Europa. Para economistas ligados ao Planalto, \u00e9 sinal de que ainda \u00e9 poss\u00edvel, mais adiante, retomar a agenda das reformas esquecidas por causa da epidemia da covid-19 no Brasil.<\/p>\n<p><strong>Olho nas comiss\u00f5es\/<\/strong> A C\u00e2mara dos Deputados at\u00e9 hoje n\u00e3o est\u00e1 com suas comiss\u00f5es t\u00e9cnicas instaladas. \u201cAt\u00e9 aqui, nada foi feito e muitos projetos que poderiam ser analisados est\u00e3o parados\u201d, lembra o deputado Hildo Rocha (MDB-MA).<\/p>\n<p><strong>Todos sob teste\/<\/strong> A C\u00e2mara come\u00e7ou a fornecer os testes da covid-19 a todos os parlamentares, como parte do planejamento para o retorno das atividades da Casa. Por enquanto, uma das grandes dificuldades s\u00e3o os voos, a cada dia mais escassos.<\/p>\n<p><strong>Todos sob teste II\/<\/strong> Al\u00e9m dos testes da covid-19, os parlamentares da nova base parlamentar ter\u00e3o em breve muitos meios de conferir a fidelidade ao governo. O novo veto da ajuda de R$ 8 bilh\u00f5es aos estados est\u00e1 no topo da lista do Planalto.<\/p>\n<p><strong>E o Lula, hein?\/<\/strong> A contar pelas afirma\u00e7\u00f5es de Lula (foto), o PT s\u00f3 entrar\u00e1 em qualquer movimento democr\u00e1tico se puder liderar o processo. Os demais partidos, entretanto, t\u00eam d\u00favidas sobre essa lideran\u00e7a e discordam da narrativa de que tudo o que se passou com o ex-presidente foi<br \/>\npersegui\u00e7\u00e3o pol\u00edtica.<\/p>\n","protected":false},"excerpt":{"rendered":"<p>Coluna Bras\u00edlia-DF O Minist\u00e9rio P\u00fablico Federal come\u00e7ou a anotar no caderninho todas as a\u00e7\u00f5es que v\u00e3o contra o que determinam as normas de sa\u00fade p\u00fablica e, de quebra, as compras de equipamentos superfaturadas que n\u00e3o foram entregues. Isso significa que, mesmo quando passar a pandemia, os gestores e autoridades v\u00e3o responder pelas a\u00e7\u00f5es. As anota\u00e7\u00f5es [&hellip;]<\/p>\n","protected":false},"author":29,"featured_media":5565,"comment_status":"closed","ping_status":"closed","sticky":false,"template":"","format":"standard","meta":{"wpb_read_more":[],"footnotes":""},"categories":[4],"tags":[],"class_list":["post-5564","post","type-post","status-publish","format-standard","has-post-thumbnail","hentry","category-coluna-brasilia-df"],"_links":{"self":[{"href":"https:\/\/blogs2.correiobraziliense.com.br\/denise\/wp-json\/wp\/v2\/posts\/5564","targetHints":{"allow":["GET"]}}],"collection":[{"href":"https:\/\/blogs2.correiobraziliense.com.br\/denise\/wp-json\/wp\/v2\/posts"}],"about":[{"href":"https:\/\/blogs2.correiobraziliense.com.br\/denise\/wp-json\/wp\/v2\/types\/post"}],"author":[{"embeddable":true,"href":"https:\/\/blogs2.correiobraziliense.com.br\/denise\/wp-json\/wp\/v2\/users\/29"}],"replies":[{"embeddable":true,"href":"https:\/\/blogs2.correiobraziliense.com.br\/denise\/wp-json\/wp\/v2\/comments?post=5564"}],"version-history":[{"count":0,"href":"https:\/\/blogs2.correiobraziliense.com.br\/denise\/wp-json\/wp\/v2\/posts\/5564\/revisions"}],"wp:featuredmedia":[{"embeddable":true,"href":"https:\/\/blogs2.correiobraziliense.com.br\/denise\/wp-json\/wp\/v2\/media\/5565"}],"wp:attachment":[{"href":"https:\/\/blogs2.correiobraziliense.com.br\/denise\/wp-json\/wp\/v2\/media?parent=5564"}],"wp:term":[{"taxonomy":"category","embeddable":true,"href":"https:\/\/blogs2.correiobraziliense.com.br\/denise\/wp-json\/wp\/v2\/categories?post=5564"},{"taxonomy":"post_tag","embeddable":true,"href":"https:\/\/blogs2.correiobraziliense.com.br\/denise\/wp-json\/wp\/v2\/tags?post=5564"}],"curies":[{"name":"wp","href":"https:\/\/api.w.org\/{rel}","templated":true}]}}