{"id":5572,"date":"2020-06-05T07:54:47","date_gmt":"2020-06-05T10:54:47","guid":{"rendered":"http:\/\/blogs.correiobraziliense.com.br\/denise\/?p=5572"},"modified":"2020-06-05T07:54:47","modified_gmt":"2020-06-05T10:54:47","slug":"reducao-do-auxilio-emergencial-sera-a-proxima-bomba-relogio-entre-congresso-e-governo-e-teste-para-o-centrao","status":"publish","type":"post","link":"https:\/\/blogs2.correiobraziliense.com.br\/denise\/reducao-do-auxilio-emergencial-sera-a-proxima-bomba-relogio-entre-congresso-e-governo-e-teste-para-o-centrao\/","title":{"rendered":"Redu\u00e7\u00e3o do aux\u00edlio emergencial ser\u00e1 a pr\u00f3xima bomba-rel\u00f3gio entre Congresso e governo e teste para o Centr\u00e3o"},"content":{"rendered":"<h6><strong>Coluna Bras\u00edlia-DF<\/strong><\/h6>\n<p>Com a not\u00edcia de que o governo planeja estender o aux\u00edlio emergencial por mais dois meses, no valor de R$ 300, e a press\u00e3o do Congresso pela manuten\u00e7\u00e3o de mais tr\u00eas parcelas de R$ 600, a ideia da \u00e1rea econ\u00f4mica \u00e9 come\u00e7ar a chamar os l\u00edderes para uma conversa olho no olho, nem que seja de m\u00e1scara.<\/p>\n<p>Os c\u00e1lculos indicam que, sem levar em conta esse aumento, as medidas emergenciais adotadas at\u00e9 agora consumiram um quarto da economia prevista pela reforma previdenci\u00e1ria em 10 anos, considerando aumento de gastos e redu\u00e7\u00e3o de tributos.<\/p>\n<p>H\u00e1 quem diga que o Congresso ter\u00e1 que escolher: se mantiver o valor de R$ 600, mais um peda\u00e7o da reforma previdenci\u00e1ria ser\u00e1 consumido no curto prazo e n\u00e3o restar\u00e1 nada para tentar reativar a economia mais \u00e0 frente, por parte do poder p\u00fablico.<\/p>\n<p>O aux\u00edlio ser\u00e1 a pr\u00f3xima bomba-rel\u00f3gio em discuss\u00e3o no Parlamento e um teste para o Centr\u00e3o revigorado por cargos.<\/p>\n<h2>\n<strong>Press\u00e3o total<\/strong><\/h2>\n<p>Da mesma forma que parte dos apoiadores diz que demitir Abraham Weintraub distensionaria o ambiente, os mais ferrenhos simpatizantes afirmam ao pr\u00f3prio Bolsonaro que tirar o ministro seria um sinal de fraqueza. Afinal, Weintraub \u00e9 aliado de primeira hora.<\/p>\n<p><strong>\u00c9 fake&#8230;\/<\/strong> Em grupos de WhatsApp, bolsonaristas continuam compartilhando um texto de apoio ao governo, como se fosse da lavra do ex-ministro do Supremo Tribunal Federal Ayres Britt. \u201cEst\u00e1 circulando h\u00e1 um m\u00eas, j\u00e1 fiz boletim de ocorr\u00eancia para apurar a responsabilidade. \u00c9 uma cretinice, uma canalhice\u201d, diz.<\/p>\n<p><strong>&#8230;e injusto\/<\/strong> Na mensagem, o sobrenome est\u00e1 grafado com um \u201ct\u201d apenas. E conclama os brasileiros a se unirem a Bolsonaro, traz cr\u00edticas \u00e0 Rede Globo, ao ex-ministro Sergio Moro. Em nada lembra o estilo do poeta Ayres Britto. \u201cNo direito, temos a verdade sabida, aquilo que \u00e9 p\u00fablico e not\u00f3rio. No caso desse texto, \u00e9 uma inverdade sabida\u201d, afirma o aut\u00eantico Ayres Britto \u00e0 coluna.<\/p>\n<p><strong>Testes no Congresso\/<\/strong> O Senado come\u00e7a a se preparar para a retomada das sess\u00f5es presenciais. Ao contr\u00e1rio do que foi dito h\u00e1 alguns dias sobre a volta em 15 de junho, a ideia \u00e9 usar esse per\u00edodo at\u00e9 15 de julho para submeter todos os servidores com acesso ao plen\u00e1rio a testes de coronav\u00edrus a cada duas semanas. De quebra, todos os frequentadores ter\u00e3o de preencher uma autoavalia\u00e7\u00e3o de condi\u00e7\u00f5es de sa\u00fade e, a depender do resultado, receber\u00e3o autoriza\u00e7\u00e3o para ingresso na Casa.<\/p>\n<p><strong>Todo cuidado \u00e9 pouco\/<\/strong> Um morador de rua, drogado, atingiu o carro de uma diplomata, ontem, nas proximidades do Bras\u00edlia Shopping, por volta das 16h. Ela estava a caminho do dentista quando o sujeito bateu com um porrete no parabrisa do autom\u00f3vel. Eram tr\u00eas moradores de rua brigando, e ela passou de carro justamente na hora da confus\u00e3o. Outros ve\u00edculos tamb\u00e9m foram atingidos por eles. H\u00e1 relatos tamb\u00e9m de viol\u00eancia por parte de moradores de rua na \u00e1rea da 704 Norte.<\/p>\n","protected":false},"excerpt":{"rendered":"<p>Coluna Bras\u00edlia-DF Com a not\u00edcia de que o governo planeja estender o aux\u00edlio emergencial por mais dois meses, no valor de R$ 300, e a press\u00e3o do Congresso pela manuten\u00e7\u00e3o de mais tr\u00eas parcelas de R$ 600, a ideia da \u00e1rea econ\u00f4mica \u00e9 come\u00e7ar a chamar os l\u00edderes para uma conversa olho no olho, nem [&hellip;]<\/p>\n","protected":false},"author":29,"featured_media":5574,"comment_status":"closed","ping_status":"closed","sticky":false,"template":"","format":"standard","meta":{"wpb_read_more":[],"footnotes":""},"categories":[4],"tags":[344,311,135],"class_list":["post-5572","post","type-post","status-publish","format-standard","has-post-thumbnail","hentry","category-coluna-brasilia-df","tag-area-economica","tag-auxilio-emergencial","tag-centrao"],"_links":{"self":[{"href":"https:\/\/blogs2.correiobraziliense.com.br\/denise\/wp-json\/wp\/v2\/posts\/5572","targetHints":{"allow":["GET"]}}],"collection":[{"href":"https:\/\/blogs2.correiobraziliense.com.br\/denise\/wp-json\/wp\/v2\/posts"}],"about":[{"href":"https:\/\/blogs2.correiobraziliense.com.br\/denise\/wp-json\/wp\/v2\/types\/post"}],"author":[{"embeddable":true,"href":"https:\/\/blogs2.correiobraziliense.com.br\/denise\/wp-json\/wp\/v2\/users\/29"}],"replies":[{"embeddable":true,"href":"https:\/\/blogs2.correiobraziliense.com.br\/denise\/wp-json\/wp\/v2\/comments?post=5572"}],"version-history":[{"count":0,"href":"https:\/\/blogs2.correiobraziliense.com.br\/denise\/wp-json\/wp\/v2\/posts\/5572\/revisions"}],"wp:featuredmedia":[{"embeddable":true,"href":"https:\/\/blogs2.correiobraziliense.com.br\/denise\/wp-json\/wp\/v2\/media\/5574"}],"wp:attachment":[{"href":"https:\/\/blogs2.correiobraziliense.com.br\/denise\/wp-json\/wp\/v2\/media?parent=5572"}],"wp:term":[{"taxonomy":"category","embeddable":true,"href":"https:\/\/blogs2.correiobraziliense.com.br\/denise\/wp-json\/wp\/v2\/categories?post=5572"},{"taxonomy":"post_tag","embeddable":true,"href":"https:\/\/blogs2.correiobraziliense.com.br\/denise\/wp-json\/wp\/v2\/tags?post=5572"}],"curies":[{"name":"wp","href":"https:\/\/api.w.org\/{rel}","templated":true}]}}