{"id":5588,"date":"2020-06-08T08:44:21","date_gmt":"2020-06-08T11:44:21","guid":{"rendered":"http:\/\/blogs.correiobraziliense.com.br\/denise\/?p=5588"},"modified":"2020-06-08T08:44:21","modified_gmt":"2020-06-08T11:44:21","slug":"com-lideres-alvos-da-justica-centrao-faz-calculo-politico-do-apoio-a-bolsonaro","status":"publish","type":"post","link":"https:\/\/blogs2.correiobraziliense.com.br\/denise\/com-lideres-alvos-da-justica-centrao-faz-calculo-politico-do-apoio-a-bolsonaro\/","title":{"rendered":"Com l\u00edderes alvos da Justi\u00e7a, Centr\u00e3o faz c\u00e1lculo pol\u00edtico do apoio a Bolsonaro"},"content":{"rendered":"<h6><strong>Coluna Brasilia-DF<\/strong><\/h6>\n<p>O Centr\u00e3o acendeu o pisca-alerta depois das den\u00fancias da Procuradoria-Geral da Rep\u00fablica sobre os parlamentares do grupo e o pedido de pris\u00e3o do deputado Paulinho da For\u00e7a (SD-SP) pela primeira turma do Supremo Tribunal Federal (STF). A avalia\u00e7\u00e3o \u00e9 a de que a aproxima\u00e7\u00e3o com Jair Bolsonaro apenas deixou seus integrantes expostos, apanhando em todas as inst\u00e2ncias e sem um retorno capaz de compensar o desgaste a todos os seus quadros. Por enquanto, a ordem \u00e9 continuar apoiando o governo, porque, ruim com ele, pior sem ele.<\/p>\n<p>Por\u00e9m, as a\u00e7\u00f5es judiciais, a que muitos chamam de \u201cpersegui\u00e7\u00e3o pol\u00edtica\u201d, tiram f\u00f4lego do grupo para votar propostas impopulares em bloco, porque os pr\u00f3prios deputados n\u00e3o v\u00e3o querer se desgastar com o eleitorado. Ou seja, o governo ter\u00e1 apoio, mas as negocia\u00e7\u00f5es ter\u00e3o que ser projeto a projeto. Pacotes fechados ficaram mais dif\u00edceis.<\/p>\n<h2>\n<strong>Na repescagem<\/strong><\/h2>\n<p>Com os integrantes do PP desgastados por causa das a\u00e7\u00f5es da Procuradoria-Geral da Rep\u00fablica, o presidente do MDB, deputado Baleia Rossi (SP), passou a frequentar as listas de poss\u00edveis candidatos \u00e0 sucess\u00e3o de Rodrigo Maia (DEM-RJ).<\/p>\n<h2>\n<strong>Miss\u00e3o imposs\u00edvel<\/strong><\/h2>\n<p>O acordo do presidente Jair Bolsonaro envolve apenas governabilidade. O que o deputado Eduardo Bolsonaro disse num semin\u00e1rio dos te\u00f3ricos da direita sobre a participa\u00e7\u00e3o do governo na elei\u00e7\u00e3o para presidente da C\u00e2mara \u00e9 visto como a grande expectativa do Centr\u00e3o e do pr\u00f3prio Planalto. O problema \u00e9 que ningu\u00e9m acredita em uni\u00e3o dos partidos do grupo em torno de um \u00fanico candidato.<\/p>\n<h2><strong>Cota ideol\u00f3gica<\/strong><\/h2>\n<p>\u00c9 bom o Centr\u00e3o n\u00e3o ficar muito animado com a perspectiva de indicar um ministro da Educa\u00e7\u00e3o para o governo de Jair Bolsonaro. Assim como Rela\u00e7\u00f5es Exteriores, Direitos Humanos e Comunica\u00e7\u00e3o, esse setor \u00e9 reservado ao grupo mais ideol\u00f3gico.<\/p>\n<h2><strong>Consequ\u00eancias<\/strong><\/h2>\n<p>A mudan\u00e7a na divulga\u00e7\u00e3o de casos de covid-19 no Brasil levou muitos advogados a passarem o fim de semana debru\u00e7ados em estudos sobre como responsabilizar judicialmente o governo pela camuflagem dos dados. H\u00e1 um consenso no mundo jur\u00eddico de que n\u00e3o d\u00e1 para ter \u201cescondidinho de novo coronav\u00edrus\u201d. Como disse o ex-ministro Luiz henrique Mandetta \u00e0 coluna ontem, \u201csegredo \u00e9 arma de guerra, n\u00e3o de pandemia.\u201d<\/p>\n<h2><strong>Um alento<\/strong><\/h2>\n<p>Nesse momento desafiador da pandemia no Brasil, o Sistema Hapvida tem alcan\u00e7ado resultados animadores em rela\u00e7\u00e3o aos atendimentos por covid-19, em Manaus (AM). Houve queda de 86% das interna\u00e7\u00f5es entre 28 de abril \u2014 quando houve o pico nas unidades pr\u00f3prias \u2014 e 31 de maio. Entre 4 e 31 de maio, a redu\u00e7\u00e3o de \u00f3bitos foi de 85%.<\/p>\n<h2><strong>Curtidas<\/strong><\/h2>\n<p>&nbsp;<\/p>\n<p><strong>Nunca antes\/<\/strong> Praticamente todos os presidentes anteriores a Jair Bolsonaro tiveram problemas no Supremo Tribunal Federal de ordem pessoal, pol\u00edtica ou econ\u00f4mica. Nenhum deles, entretanto, amea\u00e7ou fechar o STF.<\/p>\n<p><strong>Lei da morda\u00e7a, n\u00e3o!\/<\/strong> Obrigado a cumprir seis meses de quarentena, o ex-ministro Luiz Henrique Mandetta pediu \u00e0 Comiss\u00e3o de \u00c9tica da Presid\u00eancia da Rep\u00fablica que lhe informe por escrito tudo o que ele pode e o que n\u00e3o pode fazer nesse per\u00edodo. Ele j\u00e1 foi aconselhado a n\u00e3o participar de lives de institui\u00e7\u00f5es de sa\u00fade e outras empresas privadas. Vai cumprir \u00e0 risca. Por\u00e9m, \u00e9 m\u00e9dico e n\u00e3o ficar\u00e1 calado em plena pandemia de covid-19 com n\u00fameros crescentes no Brasil.<\/p>\n<p><strong>Esplanada tensa\/<\/strong> Se as manifesta\u00e7\u00f5es continuarem crescendo, j\u00e1 tem gente pensando em fazer na Esplanada o mesmo que houve no per\u00edodo do impeachment de Dilma: marcar as divis\u00f5es, de um lado, os bolsonaristas, de outro, os oposicionistas.<\/p>\n<p><strong>Ponto estrat\u00e9gico<\/strong>\/ Das principais lojas de grife da 5\u00aa Avenida em Nova York, a \u00fanica que n\u00e3o apresenta tapumes nas vitrines \u00e9 a Gucci. Explica-se: Fica na Trump Tower, \u00e1rea cercada e protegida pelo servi\u00e7o secreto americano.<\/p>\n","protected":false},"excerpt":{"rendered":"<p>Coluna Brasilia-DF O Centr\u00e3o acendeu o pisca-alerta depois das den\u00fancias da Procuradoria-Geral da Rep\u00fablica sobre os parlamentares do grupo e o pedido de pris\u00e3o do deputado Paulinho da For\u00e7a (SD-SP) pela primeira turma do Supremo Tribunal Federal (STF). A avalia\u00e7\u00e3o \u00e9 a de que a aproxima\u00e7\u00e3o com Jair Bolsonaro apenas deixou seus integrantes expostos, apanhando [&hellip;]<\/p>\n","protected":false},"author":29,"featured_media":5590,"comment_status":"closed","ping_status":"closed","sticky":false,"template":"","format":"standard","meta":{"wpb_read_more":[],"footnotes":""},"categories":[4],"tags":[],"class_list":["post-5588","post","type-post","status-publish","format-standard","has-post-thumbnail","hentry","category-coluna-brasilia-df"],"_links":{"self":[{"href":"https:\/\/blogs2.correiobraziliense.com.br\/denise\/wp-json\/wp\/v2\/posts\/5588","targetHints":{"allow":["GET"]}}],"collection":[{"href":"https:\/\/blogs2.correiobraziliense.com.br\/denise\/wp-json\/wp\/v2\/posts"}],"about":[{"href":"https:\/\/blogs2.correiobraziliense.com.br\/denise\/wp-json\/wp\/v2\/types\/post"}],"author":[{"embeddable":true,"href":"https:\/\/blogs2.correiobraziliense.com.br\/denise\/wp-json\/wp\/v2\/users\/29"}],"replies":[{"embeddable":true,"href":"https:\/\/blogs2.correiobraziliense.com.br\/denise\/wp-json\/wp\/v2\/comments?post=5588"}],"version-history":[{"count":0,"href":"https:\/\/blogs2.correiobraziliense.com.br\/denise\/wp-json\/wp\/v2\/posts\/5588\/revisions"}],"wp:featuredmedia":[{"embeddable":true,"href":"https:\/\/blogs2.correiobraziliense.com.br\/denise\/wp-json\/wp\/v2\/media\/5590"}],"wp:attachment":[{"href":"https:\/\/blogs2.correiobraziliense.com.br\/denise\/wp-json\/wp\/v2\/media?parent=5588"}],"wp:term":[{"taxonomy":"category","embeddable":true,"href":"https:\/\/blogs2.correiobraziliense.com.br\/denise\/wp-json\/wp\/v2\/categories?post=5588"},{"taxonomy":"post_tag","embeddable":true,"href":"https:\/\/blogs2.correiobraziliense.com.br\/denise\/wp-json\/wp\/v2\/tags?post=5588"}],"curies":[{"name":"wp","href":"https:\/\/api.w.org\/{rel}","templated":true}]}}