{"id":5620,"date":"2020-06-15T16:59:53","date_gmt":"2020-06-15T19:59:53","guid":{"rendered":"http:\/\/blogs.correiobraziliense.com.br\/denise\/?p=5620"},"modified":"2020-06-15T16:59:53","modified_gmt":"2020-06-15T19:59:53","slug":"ibaneis-e-um-dos-grandes-quadros-que-temos-hoje-diz-baleia-rossi-sobre-candidatos-a-presidencia","status":"publish","type":"post","link":"https:\/\/blogs2.correiobraziliense.com.br\/denise\/ibaneis-e-um-dos-grandes-quadros-que-temos-hoje-diz-baleia-rossi-sobre-candidatos-a-presidencia\/","title":{"rendered":"&#8220;Ibaneis \u00e9 um dos grandes quadros que temos hoje&#8221;, diz Baleia Rossi sobre candidatos \u00e0 Presid\u00eancia"},"content":{"rendered":"<p>O presidente do MDB, Baleia Rossi, ainda n\u00e3o come\u00e7ou a testar seus potenciais candidatos a presidente da Rep\u00fablica, mas numa conversa com o blog, \u00e9 direto ao colocar o nome do governador do Distrito Federal, Ibaneis Rocha, como um nome que pode esta no topo da lista para essa disputa no futuro pr\u00f3ximo. &#8220;O MDB sempre quis ter candidato pr\u00f3prio, tanto \u00e9 que tivemos o Henrique Meirelles (em 2018). N\u00e3o d\u00e1 para fazer futurologia, mas temos bons nomes. E o Ibaneis est\u00e1 se destacando&#8221;, diz o deputado ao blog. Al\u00e9m de presidir o partido, Baleia Rossi lidera a bancada na C\u00e2mara, e tem conversado com muitos deputados a respeito dos acontecimentos do pa\u00eds nos \u00faltimos tempos.<\/p>\n<p>As atitudes do governador no \u00faltimo final de semana demonstraram para muitos que Ibaneis passou a marcar uma dist\u00e2ncia regulamentar do presidente Jair Bolsonaro. Em 48 horas, Ibaneis desmantelou o acampamento dos 300 em frente ao Congresso, demitiu o subcomandante da PM, S\u00e9rgio Souza, por causa das manifesta\u00e7\u00f5es contra o STF na noite de s\u00e1bado. De quebra, ainda multou o ministro da Educa\u00e7\u00e3o, Abraham Weintraub por participar da manifesta\u00e7\u00e3o de Domingo sem m\u00e1scara de prote\u00e7\u00e3o.<\/p>\n<p>O presidente do MDB gostou. &#8220;Ele fez o certo. N\u00e3o d\u00e1 para aceita ato antidemocr\u00e1tico. E al\u00e9m de governador, Ibaneis \u00e9 advogado e um grande jurista, que zela pela Constitui\u00e7\u00e3o&#8221;, avalia Baleia Rossi.<\/p>\n<p>Al\u00e9m de Ibaneis, o MDB tamb\u00e9m acompanha de perto o secret\u00e1rio de Fazenda do Estado de S\u00e3o Paulo, Henrique Meirelles, presidenci\u00e1vel do MDB em 2018. Hoje, s\u00e3o os dois nomes mais citados nas rodas do partido. Com tanto terreno pela frente e com as incertezas sobre o governo do presidente Jair Bolsonaro ser\u00e1 natural que os partidos comecem colocar seus personagens na roda. Outros nomes certamente vir\u00e3o se juntar \u00e0 dupla emedebista.<\/p>\n","protected":false},"excerpt":{"rendered":"<p>O presidente do MDB, Baleia Rossi, ainda n\u00e3o come\u00e7ou a testar seus potenciais candidatos a presidente da Rep\u00fablica, mas numa conversa com o blog, \u00e9 direto ao colocar o nome do governador do Distrito Federal, Ibaneis Rocha, como um nome que pode esta no topo da lista para essa disputa no futuro pr\u00f3ximo. &#8220;O MDB [&hellip;]<\/p>\n","protected":false},"author":29,"featured_media":4046,"comment_status":"closed","ping_status":"closed","sticky":false,"template":"","format":"standard","meta":{"wpb_read_more":[],"footnotes":""},"categories":[348],"tags":[],"class_list":["post-5620","post","type-post","status-publish","format-standard","has-post-thumbnail","hentry","category-mdb"],"_links":{"self":[{"href":"https:\/\/blogs2.correiobraziliense.com.br\/denise\/wp-json\/wp\/v2\/posts\/5620","targetHints":{"allow":["GET"]}}],"collection":[{"href":"https:\/\/blogs2.correiobraziliense.com.br\/denise\/wp-json\/wp\/v2\/posts"}],"about":[{"href":"https:\/\/blogs2.correiobraziliense.com.br\/denise\/wp-json\/wp\/v2\/types\/post"}],"author":[{"embeddable":true,"href":"https:\/\/blogs2.correiobraziliense.com.br\/denise\/wp-json\/wp\/v2\/users\/29"}],"replies":[{"embeddable":true,"href":"https:\/\/blogs2.correiobraziliense.com.br\/denise\/wp-json\/wp\/v2\/comments?post=5620"}],"version-history":[{"count":0,"href":"https:\/\/blogs2.correiobraziliense.com.br\/denise\/wp-json\/wp\/v2\/posts\/5620\/revisions"}],"wp:featuredmedia":[{"embeddable":true,"href":"https:\/\/blogs2.correiobraziliense.com.br\/denise\/wp-json\/wp\/v2\/media\/4046"}],"wp:attachment":[{"href":"https:\/\/blogs2.correiobraziliense.com.br\/denise\/wp-json\/wp\/v2\/media?parent=5620"}],"wp:term":[{"taxonomy":"category","embeddable":true,"href":"https:\/\/blogs2.correiobraziliense.com.br\/denise\/wp-json\/wp\/v2\/categories?post=5620"},{"taxonomy":"post_tag","embeddable":true,"href":"https:\/\/blogs2.correiobraziliense.com.br\/denise\/wp-json\/wp\/v2\/tags?post=5620"}],"curies":[{"name":"wp","href":"https:\/\/api.w.org\/{rel}","templated":true}]}}