{"id":5628,"date":"2020-06-16T09:38:44","date_gmt":"2020-06-16T12:38:44","guid":{"rendered":"http:\/\/blogs.correiobraziliense.com.br\/denise\/?p=5628"},"modified":"2020-06-16T09:38:44","modified_gmt":"2020-06-16T12:38:44","slug":"governo-cogita-acabar-com-ministerio-exclusivo-para-educacao","status":"publish","type":"post","link":"https:\/\/blogs2.correiobraziliense.com.br\/denise\/governo-cogita-acabar-com-ministerio-exclusivo-para-educacao\/","title":{"rendered":"Governo cogita acabar com minist\u00e9rio exclusivo para a Educa\u00e7\u00e3o"},"content":{"rendered":"<h6><strong>Coluna Bras\u00edlia-DF<\/strong><\/h6>\n<p>Entre as conversas no governo para decidir o destino do ministro da Educa\u00e7\u00e3o, Abraham Weintraub, come\u00e7a a se cogitar a hip\u00f3tese de unir a estrutura da pasta comandada por Weintraub ao Minist\u00e9rio de Ci\u00eancia e Tecnologia. Assim, ficaria tudo sob o comando de Marcos Pontes.<\/p>\n<h2><strong>\u00datil ao agrad\u00e1vel<\/strong><\/h2>\n<p>A fus\u00e3o daria ao governo o discurso de, novamente, manter o n\u00famero original, de 22 minist\u00e9rios, calando parte dos cr\u00edticos da cria\u00e7\u00e3o do Minist\u00e9rio das Comunica\u00e7\u00f5es. Por\u00e9m, a press\u00e3o para novos minist\u00e9rios continua.<\/p>\n","protected":false},"excerpt":{"rendered":"<p>Coluna Bras\u00edlia-DF Entre as conversas no governo para decidir o destino do ministro da Educa\u00e7\u00e3o, Abraham Weintraub, come\u00e7a a se cogitar a hip\u00f3tese de unir a estrutura da pasta comandada por Weintraub ao Minist\u00e9rio de Ci\u00eancia e Tecnologia. Assim, ficaria tudo sob o comando de Marcos Pontes. \u00datil ao agrad\u00e1vel A fus\u00e3o daria ao governo [&hellip;]<\/p>\n","protected":false},"author":29,"featured_media":4676,"comment_status":"closed","ping_status":"closed","sticky":false,"template":"","format":"standard","meta":{"wpb_read_more":[],"footnotes":""},"categories":[4],"tags":[228,349,103],"class_list":["post-5628","post","type-post","status-publish","format-standard","has-post-thumbnail","hentry","category-coluna-brasilia-df","tag-abraham-weintraub","tag-marcos-pontes","tag-ministerio-da-educacao"],"_links":{"self":[{"href":"https:\/\/blogs2.correiobraziliense.com.br\/denise\/wp-json\/wp\/v2\/posts\/5628","targetHints":{"allow":["GET"]}}],"collection":[{"href":"https:\/\/blogs2.correiobraziliense.com.br\/denise\/wp-json\/wp\/v2\/posts"}],"about":[{"href":"https:\/\/blogs2.correiobraziliense.com.br\/denise\/wp-json\/wp\/v2\/types\/post"}],"author":[{"embeddable":true,"href":"https:\/\/blogs2.correiobraziliense.com.br\/denise\/wp-json\/wp\/v2\/users\/29"}],"replies":[{"embeddable":true,"href":"https:\/\/blogs2.correiobraziliense.com.br\/denise\/wp-json\/wp\/v2\/comments?post=5628"}],"version-history":[{"count":0,"href":"https:\/\/blogs2.correiobraziliense.com.br\/denise\/wp-json\/wp\/v2\/posts\/5628\/revisions"}],"wp:featuredmedia":[{"embeddable":true,"href":"https:\/\/blogs2.correiobraziliense.com.br\/denise\/wp-json\/wp\/v2\/media\/4676"}],"wp:attachment":[{"href":"https:\/\/blogs2.correiobraziliense.com.br\/denise\/wp-json\/wp\/v2\/media?parent=5628"}],"wp:term":[{"taxonomy":"category","embeddable":true,"href":"https:\/\/blogs2.correiobraziliense.com.br\/denise\/wp-json\/wp\/v2\/categories?post=5628"},{"taxonomy":"post_tag","embeddable":true,"href":"https:\/\/blogs2.correiobraziliense.com.br\/denise\/wp-json\/wp\/v2\/tags?post=5628"}],"curies":[{"name":"wp","href":"https:\/\/api.w.org\/{rel}","templated":true}]}}