{"id":5650,"date":"2020-06-18T11:43:20","date_gmt":"2020-06-18T14:43:20","guid":{"rendered":"http:\/\/blogs.correiobraziliense.com.br\/denise\/?p=5650"},"modified":"2020-06-18T11:43:20","modified_gmt":"2020-06-18T14:43:20","slug":"bolsonaro-ignorou-texto-de-paz-institucional-durante-discurso-de-posse-do-novo-ministro","status":"publish","type":"post","link":"https:\/\/blogs2.correiobraziliense.com.br\/denise\/bolsonaro-ignorou-texto-de-paz-institucional-durante-discurso-de-posse-do-novo-ministro\/","title":{"rendered":"Bolsonaro ignorou texto de paz institucional durante discurso de posse do novo ministro"},"content":{"rendered":"<h6><strong>Coluna Bras\u00edlia-DF<\/strong><\/h6>\n<p>A presen\u00e7a dos presidentes da C\u00e2mara, Rodrigo Maia (DEM-RJ), do Supremo Tribunal Federal (STF), Dias Toffoli, e do Superior Tribunal de Justi\u00e7a (STJ), Jo\u00e3o Ot\u00e1vio Noronha, na posse do novo ministro das Comunica\u00e7\u00f5es, F\u00e1bio Faria, foram previamente acertadas para demonstrar todo um esfor\u00e7o dos Poderes em superar a crise pol\u00edtica. O discurso do presidente Jair Bolsonaro, entretanto, saiu um pouco do script, mas ficou no limite do que havia sido combinado.<\/p>\n<p>Entre assessores, havia a expectativa de que ele lesse o texto enf\u00e1tico em prol da paz institucional, escrito a v\u00e1rias m\u00e3os. Bolsonaro, por\u00e9m, optou por falar de improviso, pin\u00e7ando parte do que havia sido produzido em conjunto com alguns trechos que ele colocou. Por exemplo: discordar de certos aspectos da Constitui\u00e7\u00e3o e, de quebra, dizer que o povo manda nas institui\u00e7\u00f5es. No STF, o norte \u00e9 a Constitui\u00e7\u00e3o. \u00c9 bom todos irem se acostumando.<\/p>\n<h2>\n<strong>Distanciamento urgente<\/strong><\/h2>\n<p>Bolsonaro defendeu os parlamentares que o apoiam e est\u00e3o sob suspeita de financiar movimentos radicais. Mas seus aliados s\u00e3o un\u00e2nimes em afirmar que ele n\u00e3o far\u00e1 qualquer gesto de apoio a Sara Giromini (vulgo Sara Winter) e \u00e0 trupe intervencionista. H\u00e1 quem diga, inclusive, que o grupo 300 do Brasil n\u00e3o pode nem sequer ser chamado mais de \u201cbolsonarista\u201d.<\/p>\n<h2>\n<strong>Weintraub na porta de sa\u00edda\u2026<\/strong><\/h2>\n<p>\u2026 E o Centr\u00e3o for\u00e7ando a porta de entrada. O presidente s\u00f3 n\u00e3o demitiu ainda o ministro da Educa\u00e7\u00e3o, Abraham Weintraub, porque procura um substituto. Os partidos sonham com mais um parlamentar no primeiro escal\u00e3o, mas os integrantes do \u201cbolsonarismo raiz\u201d consideram que a \u00e1rea \u00e9 estrat\u00e9gica e precisa de algu\u00e9m da ala ideol\u00f3gica.<\/p>\n<h2>\n<strong>A hora do Parlamento<\/strong><\/h2>\n<p>A continuidade do inqu\u00e9rito das fake news serve de motor para que o Parlamento tente buscar um consenso dentro da lei de combate a esse tipo de postagem nas redes sociais. At\u00e9 aqui, a pol\u00eamica \u00e9 grande, mas a tend\u00eancia \u00e9 aprovar uma lei nesse sentido, antes de aberta a temporada de campanhas municipais.<\/p>\n<h2>\n<strong>Para n\u00e3o dizer que n\u00e3o falaram de flores<\/strong><\/h2>\n<p>O slogan do Plano Safra deste ano chamou a aten\u00e7\u00e3o: \u201cO florescer de uma nova colheita\u201d. \u00c9 ali que o governo jogar\u00e1 a maioria das fichas para tentar se afastar da crise econ\u00f4mica e, com isso, amenizar o clima pol\u00edtico. A chave do sucesso, avaliam alguns, est\u00e1 no agro.<\/p>\n<p><strong>Argumentos fortes\/<\/strong> O voto do ministro Alexandre de Moraes, citando mensagens que incitam o estupro e o assassinato de parentes de ministros, foi visto como o mais forte no sentido de criar convic\u00e7\u00e3o sobre a necessidade de manuten\u00e7\u00e3o do inqu\u00e9rito das fake news.<\/p>\n<p><strong>Aldo x Olavo I\/<\/strong> Aldo Rebelo, que j\u00e1 comandou v\u00e1rios minist\u00e9rios, inclusive o da Defesa, decidiu responder aos ataques que recebeu do escritor Olavo de Carvalho, que o chamou de antipatriota. Os dois se conhecem desde 2000 e j\u00e1 travaram debates respeitosos no passado, a ponto de Aldo ter recebido de Olavo um livro de Schoppenhauer, Como vencer um debate sem precisar ter raz\u00e3o. A dura fala termina assim: \u201cPatriota de falsa bandeira, trabalha para dividir o Brasil. Voc\u00ea n\u00e3o engana ningu\u00e9m, Olavo. Respeite os patriotas que ficaram no Brasil\u201d.<\/p>\n<p><strong>Aldo x Olavo II\/<\/strong> \u201cPor reciprocidade. Vou p\u00f4r em d\u00favida o patriotismo de Olavo. Quero saber o que um patriota faz na Virg\u00ednia, h\u00e1 15 anos, quando o Brasil passa por dificuldades. Quero saber quem sustenta, a que interesses ele serve\u201d, diz Aldo, perguntando em v\u00eddeo onde estava o professor, quando o pa\u00eds debatia lei de biosseguran\u00e7a, c\u00f3digo florestal, base de Alc\u00e2ntara&#8230; \u201cVoc\u00ea n\u00e3o fez um pio, ficou calado. Voc\u00ea estava a\u00ed, na Virg\u00ednia, guardado, protegido e protegendo interesses que n\u00e3o eram os do Brasil\u201d.<\/p>\n<p><strong>Procuradores por Bia\/<\/strong> Procuradores do Distrito Federal divulgaram nota de apoio e solidariedade \u00e0 deputada Bia Kicis (PSL-DF). Ao final, mandam um recado aos respons\u00e1veis pelo inqu\u00e9rito. Dizem que esperam uma investiga\u00e7\u00e3o feita de forma transparente, \u201cobservando os estritos limites da legisla\u00e7\u00e3o e respeitando o contradit\u00f3rio e a ampla defesa\u201d.<\/p>\n","protected":false},"excerpt":{"rendered":"<p>Coluna Bras\u00edlia-DF A presen\u00e7a dos presidentes da C\u00e2mara, Rodrigo Maia (DEM-RJ), do Supremo Tribunal Federal (STF), Dias Toffoli, e do Superior Tribunal de Justi\u00e7a (STJ), Jo\u00e3o Ot\u00e1vio Noronha, na posse do novo ministro das Comunica\u00e7\u00f5es, F\u00e1bio Faria, foram previamente acertadas para demonstrar todo um esfor\u00e7o dos Poderes em superar a crise pol\u00edtica. O discurso do [&hellip;]<\/p>\n","protected":false},"author":29,"featured_media":5329,"comment_status":"closed","ping_status":"closed","sticky":false,"template":"","format":"standard","meta":{"wpb_read_more":[],"footnotes":""},"categories":[4],"tags":[28],"class_list":["post-5650","post","type-post","status-publish","format-standard","has-post-thumbnail","hentry","category-coluna-brasilia-df","tag-bolsonaro"],"_links":{"self":[{"href":"https:\/\/blogs2.correiobraziliense.com.br\/denise\/wp-json\/wp\/v2\/posts\/5650","targetHints":{"allow":["GET"]}}],"collection":[{"href":"https:\/\/blogs2.correiobraziliense.com.br\/denise\/wp-json\/wp\/v2\/posts"}],"about":[{"href":"https:\/\/blogs2.correiobraziliense.com.br\/denise\/wp-json\/wp\/v2\/types\/post"}],"author":[{"embeddable":true,"href":"https:\/\/blogs2.correiobraziliense.com.br\/denise\/wp-json\/wp\/v2\/users\/29"}],"replies":[{"embeddable":true,"href":"https:\/\/blogs2.correiobraziliense.com.br\/denise\/wp-json\/wp\/v2\/comments?post=5650"}],"version-history":[{"count":0,"href":"https:\/\/blogs2.correiobraziliense.com.br\/denise\/wp-json\/wp\/v2\/posts\/5650\/revisions"}],"wp:featuredmedia":[{"embeddable":true,"href":"https:\/\/blogs2.correiobraziliense.com.br\/denise\/wp-json\/wp\/v2\/media\/5329"}],"wp:attachment":[{"href":"https:\/\/blogs2.correiobraziliense.com.br\/denise\/wp-json\/wp\/v2\/media?parent=5650"}],"wp:term":[{"taxonomy":"category","embeddable":true,"href":"https:\/\/blogs2.correiobraziliense.com.br\/denise\/wp-json\/wp\/v2\/categories?post=5650"},{"taxonomy":"post_tag","embeddable":true,"href":"https:\/\/blogs2.correiobraziliense.com.br\/denise\/wp-json\/wp\/v2\/tags?post=5650"}],"curies":[{"name":"wp","href":"https:\/\/api.w.org\/{rel}","templated":true}]}}