{"id":5657,"date":"2020-06-19T14:30:31","date_gmt":"2020-06-19T17:30:31","guid":{"rendered":"http:\/\/blogs.correiobraziliense.com.br\/denise\/?p=5657"},"modified":"2020-06-19T14:30:31","modified_gmt":"2020-06-19T17:30:31","slug":"bolsonaro-e-aconselhado-a-se-afastar-do-caso-queiroz-de-flavio-e-de-wassef","status":"publish","type":"post","link":"https:\/\/blogs2.correiobraziliense.com.br\/denise\/bolsonaro-e-aconselhado-a-se-afastar-do-caso-queiroz-de-flavio-e-de-wassef\/","title":{"rendered":"Bolsonaro \u00e9 aconselhado a se afastar do caso Queiroz, de Fl\u00e1vio e de Wassef"},"content":{"rendered":"<h6><strong>Coluna Bras\u00edlia-DF<\/strong><\/h6>\n<p>A pris\u00e3o de Fabr\u00edcio Queiroz, ex-assessor de Fl\u00e1vio Bolsonaro, coloca o senador Fl\u00e1vio em xeque e o presidente obrigado a deixar que o filho tome dist\u00e2ncia regulamentar do Planalto, a fim de evitar que o caso da Assembleia Legislativa do Rio de Janeiro contamine a esfera federal e desgaste ainda mais o presidente. Pelo menos, esse foi o conselho que o presidente recebeu dos seus. Deixar que Fl\u00e1vio administre o caso, preservando o pai e o governo.<\/p>\n<p>A d\u00favida entre aliados \u00e9 se o presidente ter\u00e1 equil\u00edbrio emocional para ficar totalmente longe desse tema, deixando que Fl\u00e1vio siga o seu destino. Todas as situa\u00e7\u00f5es que envolvem os filhos deixam o presidente pra l\u00e1 de irritado e muitas vezes fora de si.<\/p>\n<p>Nessa quinta-feira (18\/6), por exemplo, ele reclamou muito de que houve uma pris\u00e3o \u201cespetaculosa\u201d envolvendo o ex-assessor de Fl\u00e1vio e de que n\u00e3o teria havido nada em rela\u00e7\u00e3o a outros assessores de outros deputados estaduais com problemas semelhantes. \u201cQue prendam o Queiroz, mas cad\u00ea os outros?\u201d, cobrou. A raiva era tanta que o presidente teve dificuldades de cuidar de outros assuntos.<\/p>\n<h2>\n<strong>Sai da\u00ed rapidinho<\/strong><\/h2>\n<p>Os generais querem o presidente longe de Frederick Wassef, o advogado que hospedava Fabr\u00edcio Queiroz. Ou o presidente se descola do amigo, a fim de deixar que Frederick e Fl\u00e1vio cuidem desse assunto, ou o tema continuar\u00e1 pairando sobre o governo.<\/p>\n<h2>\n<strong>Izalci volta ao tabuleiro<\/strong><\/h2>\n<p>A sa\u00edda de Abraham Weintraub fez crescer os olhos dos aliados do presidente Jair Bolsonaro. Na \u00e1rea, entram os nomes do senador Izalci Lucas (PSDB-DF) e do presidente da Comiss\u00e3o de Educa\u00e7\u00e3o do Senado, Dario Berger (MDB-SC). Os senadores ainda n\u00e3o t\u00eam um minist\u00e9rio para chamar de seu.<\/p>\n<h2>\n<strong>Tem um sen\u00e3o<\/strong><\/h2>\n<p>O primeiro suplente de Izalci, Luiz Felipe Belmonte, \u00e9 aliado do presidente, vice-presidente do Alian\u00e7a pelo Brasil, e, no in\u00edcio da semana, passou pelo constrangimento de ser alvo da opera\u00e7\u00e3o Lume, destinada a investigar o financiamento de manifesta\u00e7\u00f5es que pregaram o fechamento do Congresso e do Supremo Tribunal Federal com amea\u00e7as aos ministros. O segundo suplente, Andr\u00e9 Felipe, tamb\u00e9m viu seu nome envolvido numa opera\u00e7\u00e3o da Pol\u00edcia Federal no Par\u00e1, sobre a compra de respiradores.<\/p>\n<h2>\n<strong>Depois de Weintraub\u2026<\/strong><\/h2>\n<p>Quem vai para a prancha por onde os ministros se dirigem ao mar \u00e9\u2026 O ministro da Secretaria de Governo, Luiz Eduardo Ramos. Ele \u00e9 considerado bom de papo, alegre, por\u00e9m, termina contando a um partido ou deputado o que o outro recebeu. Assim, o apetite da galera cresce e as reclama\u00e7\u00f5es sobre ele, tamb\u00e9m.<\/p>\n<p><strong>Ele \u00e9 o Paulo de hoje\/<\/strong> O fato de Fabr\u00edcio Queiroz ter ligado primeiro para a filha levou muitos tarimbados dos tempos da Lava-Jato a pensar que o ex-assessor de Fl\u00e1vio vive a mesma situa\u00e7\u00e3o vivida no passado pelo ex-diretor da Petrobras Paulo Roberto Costa. \u00c0 hora que a investiga\u00e7\u00e3o colocou os filhos na roda, ele decidiu delatar.<\/p>\n<p><strong>Os riscos\/<\/strong> No Congresso, come\u00e7a a press\u00e3o para que os conselhos de \u00e9tica da C\u00e2mara e do Senado voltem a funcionar logo, em hor\u00e1rios alternativos ao plen\u00e1rio.<\/p>\n<p><strong>Cada um no seu quadrado\/<\/strong> No Senado, o alvo da oposi\u00e7\u00e3o \u00e9 Fl\u00e1vio. Na C\u00e2mara, h\u00e1 uma montanha de processos sobre deputados bolsonaristas, por causa das fake news. Por sinal, as investiga\u00e7\u00f5es continuar\u00e3o a pleno vapor no Supremo Tribunal Federal (STF), conforme decidido ontem por 10 a um.<\/p>\n","protected":false},"excerpt":{"rendered":"<p>Coluna Bras\u00edlia-DF A pris\u00e3o de Fabr\u00edcio Queiroz, ex-assessor de Fl\u00e1vio Bolsonaro, coloca o senador Fl\u00e1vio em xeque e o presidente obrigado a deixar que o filho tome dist\u00e2ncia regulamentar do Planalto, a fim de evitar que o caso da Assembleia Legislativa do Rio de Janeiro contamine a esfera federal e desgaste ainda mais o presidente. [&hellip;]<\/p>\n","protected":false},"author":29,"featured_media":5658,"comment_status":"closed","ping_status":"closed","sticky":false,"template":"","format":"standard","meta":{"wpb_read_more":[],"footnotes":""},"categories":[4],"tags":[28,46,47,355],"class_list":["post-5657","post","type-post","status-publish","format-standard","has-post-thumbnail","hentry","category-coluna-brasilia-df","tag-bolsonaro","tag-fabricio-queiroz","tag-flavio-bolsonaro","tag-frederick-wassef"],"_links":{"self":[{"href":"https:\/\/blogs2.correiobraziliense.com.br\/denise\/wp-json\/wp\/v2\/posts\/5657","targetHints":{"allow":["GET"]}}],"collection":[{"href":"https:\/\/blogs2.correiobraziliense.com.br\/denise\/wp-json\/wp\/v2\/posts"}],"about":[{"href":"https:\/\/blogs2.correiobraziliense.com.br\/denise\/wp-json\/wp\/v2\/types\/post"}],"author":[{"embeddable":true,"href":"https:\/\/blogs2.correiobraziliense.com.br\/denise\/wp-json\/wp\/v2\/users\/29"}],"replies":[{"embeddable":true,"href":"https:\/\/blogs2.correiobraziliense.com.br\/denise\/wp-json\/wp\/v2\/comments?post=5657"}],"version-history":[{"count":0,"href":"https:\/\/blogs2.correiobraziliense.com.br\/denise\/wp-json\/wp\/v2\/posts\/5657\/revisions"}],"wp:featuredmedia":[{"embeddable":true,"href":"https:\/\/blogs2.correiobraziliense.com.br\/denise\/wp-json\/wp\/v2\/media\/5658"}],"wp:attachment":[{"href":"https:\/\/blogs2.correiobraziliense.com.br\/denise\/wp-json\/wp\/v2\/media?parent=5657"}],"wp:term":[{"taxonomy":"category","embeddable":true,"href":"https:\/\/blogs2.correiobraziliense.com.br\/denise\/wp-json\/wp\/v2\/categories?post=5657"},{"taxonomy":"post_tag","embeddable":true,"href":"https:\/\/blogs2.correiobraziliense.com.br\/denise\/wp-json\/wp\/v2\/tags?post=5657"}],"curies":[{"name":"wp","href":"https:\/\/api.w.org\/{rel}","templated":true}]}}