{"id":5660,"date":"2020-06-19T14:36:19","date_gmt":"2020-06-19T17:36:19","guid":{"rendered":"http:\/\/blogs.correiobraziliense.com.br\/denise\/?p=5660"},"modified":"2020-06-19T14:36:19","modified_gmt":"2020-06-19T17:36:19","slug":"time-de-atibaia-onde-queiroz-foi-preso-joga-de-laranja","status":"publish","type":"post","link":"https:\/\/blogs2.correiobraziliense.com.br\/denise\/time-de-atibaia-onde-queiroz-foi-preso-joga-de-laranja\/","title":{"rendered":"Time de Atibaia, onde Queiroz foi preso, joga de laranja"},"content":{"rendered":"<h6><strong>Coluna Bras\u00edlia-DF<\/strong><\/h6>\n<p>Qualquer semelhan\u00e7a&#8230;\u00a0\u00c9 mera coincid\u00eancia. Atibaia ficou conhecida nos tempos da Lava-Jato como sede do s\u00edtio atribu\u00eddo a Lula e agora volta \u00e0 cena com a pris\u00e3o de Fabr\u00edcio Queiroz na casa do advogado de Fl\u00e1vio Bolsonaro. E a cor da camisa oficial do time de futebol da cidade, o Sport Club Atibaia, \u00e9\u2026 Laranja<\/p>\n","protected":false},"excerpt":{"rendered":"<p>Coluna Bras\u00edlia-DF Qualquer semelhan\u00e7a&#8230;\u00a0\u00c9 mera coincid\u00eancia. Atibaia ficou conhecida nos tempos da Lava-Jato como sede do s\u00edtio atribu\u00eddo a Lula e agora volta \u00e0 cena com a pris\u00e3o de Fabr\u00edcio Queiroz na casa do advogado de Fl\u00e1vio Bolsonaro. E a cor da camisa oficial do time de futebol da cidade, o Sport Club Atibaia, \u00e9\u2026 [&hellip;]<\/p>\n","protected":false},"author":29,"featured_media":0,"comment_status":"closed","ping_status":"closed","sticky":false,"template":"","format":"standard","meta":{"wpb_read_more":[],"footnotes":""},"categories":[4],"tags":[356,46,47],"class_list":["post-5660","post","type-post","status-publish","format-standard","hentry","category-coluna-brasilia-df","tag-atibaia","tag-fabricio-queiroz","tag-flavio-bolsonaro"],"_links":{"self":[{"href":"https:\/\/blogs2.correiobraziliense.com.br\/denise\/wp-json\/wp\/v2\/posts\/5660","targetHints":{"allow":["GET"]}}],"collection":[{"href":"https:\/\/blogs2.correiobraziliense.com.br\/denise\/wp-json\/wp\/v2\/posts"}],"about":[{"href":"https:\/\/blogs2.correiobraziliense.com.br\/denise\/wp-json\/wp\/v2\/types\/post"}],"author":[{"embeddable":true,"href":"https:\/\/blogs2.correiobraziliense.com.br\/denise\/wp-json\/wp\/v2\/users\/29"}],"replies":[{"embeddable":true,"href":"https:\/\/blogs2.correiobraziliense.com.br\/denise\/wp-json\/wp\/v2\/comments?post=5660"}],"version-history":[{"count":0,"href":"https:\/\/blogs2.correiobraziliense.com.br\/denise\/wp-json\/wp\/v2\/posts\/5660\/revisions"}],"wp:attachment":[{"href":"https:\/\/blogs2.correiobraziliense.com.br\/denise\/wp-json\/wp\/v2\/media?parent=5660"}],"wp:term":[{"taxonomy":"category","embeddable":true,"href":"https:\/\/blogs2.correiobraziliense.com.br\/denise\/wp-json\/wp\/v2\/categories?post=5660"},{"taxonomy":"post_tag","embeddable":true,"href":"https:\/\/blogs2.correiobraziliense.com.br\/denise\/wp-json\/wp\/v2\/tags?post=5660"}],"curies":[{"name":"wp","href":"https:\/\/api.w.org\/{rel}","templated":true}]}}