{"id":5668,"date":"2020-06-20T08:53:01","date_gmt":"2020-06-20T11:53:01","guid":{"rendered":"http:\/\/blogs.correiobraziliense.com.br\/denise\/?p=5668"},"modified":"2020-06-20T08:53:01","modified_gmt":"2020-06-20T11:53:01","slug":"aumento-da-covid-19-no-df-preocupa-senado-e-ibaneis-mas-vira-alivio-para-flavio-bolsonaro","status":"publish","type":"post","link":"https:\/\/blogs2.correiobraziliense.com.br\/denise\/aumento-da-covid-19-no-df-preocupa-senado-e-ibaneis-mas-vira-alivio-para-flavio-bolsonaro\/","title":{"rendered":"Aumento da covid-19 no DF preocupa Senado e Ibaneis, mas vira al\u00edvio para Fl\u00e1vio Bolsonaro"},"content":{"rendered":"<h6><strong>Coluna Bras\u00edlia-DF<\/strong><\/h6>\n<p>Com poucas UTIs dispon\u00edveis no Distrito Federal em hospitais frequentados por senadores e o aumento de casos da covid-19, a c\u00fapula do Congresso come\u00e7a a cogitar a hip\u00f3tese de s\u00f3 retomar as sess\u00f5es presidenciais em agosto. A data inicial era 15 de julho, por\u00e9m, com o crescimento no n\u00famero de casos da doen\u00e7a, a administra\u00e7\u00e3o da Casa est\u00e1 com receio de retornar com os trabalhos no plen\u00e1rio e nas comiss\u00f5es.<\/p>\n<p>O problema \u00e9, de repente, um senador correr o risco de precisar de UTI e n\u00e3o encontrar um leito dispon\u00edvel. Na seara pol\u00edtica, quem conversou com o governador Ibaneis Rocha, sempre atento aos n\u00fameros, disse que ele tamb\u00e9m est\u00e1 preocupado e n\u00e3o descarta voltar com medidas de maior restri\u00e7\u00e3o de circula\u00e7\u00e3o.<\/p>\n<h2><strong>Fl\u00e1vio Bolsonaro<\/strong><\/h2>\n<p>De acordo com o cronograma em debate no Congresso, o Conselho de \u00c9tica do Senado s\u00f3 deve voltar a funcionar quando a Casa retomar as sess\u00f5es presenciais. Significa que o senador Fl\u00e1vio Bolsonaro ainda ter\u00e1 at\u00e9 agosto \u2014 o m\u00eas da \u201cbruxa solta\u201d na pol\u00edtica \u2014 para administrar a crise deflagrada com a pris\u00e3o do ex-assessor Fabr\u00edcio Queiroz na casa do advogado Frederick Wassef, que atende ao filho 01 de Jair Bolsonaro.<\/p>\n<h2>\n<strong>Onde mora o perigo<\/strong><\/h2>\n<p>O receio de experientes juristas em rela\u00e7\u00e3o ao futuro do senador Fl\u00e1vio Bolsonaro (Republicanos-RJ) \u00e9 de que as investiga\u00e7\u00f5es apresentem algo que caracterize obstru\u00e7\u00e3o de Justi\u00e7a. \u00c9 o \u00fanico ponto que pode resultar em abertura de processo no Conselho de \u00c9tica, porque estaria diretamente relacionado ao per\u00edodo do mandato atual do parlamentar.<\/p>\n<h2>\n<strong>Inclua-o fora dessa, \u201ctalkey\u201d?<\/strong><\/h2>\n<p>At\u00e9 aqui, o senador Fl\u00e1vio Bolsonaro n\u00e3o tirou o pai do olho do furac\u00e3o do caso Queiroz. Ao contr\u00e1rio. O tempo todo tem dito que tudo \u00e9 feito por persegui\u00e7\u00e3o pol\u00edtica para atingir o presidente Jair Bolsonaro. O desconforto do governo com essa situa\u00e7\u00e3o \u00e9 grande. O momento \u00e9 de proteger o presidente da Rep\u00fablica.<\/p>\n<h2>\n<strong>Contradi\u00e7\u00f5es expostas<\/strong><\/h2>\n<p>A oposi\u00e7\u00e3o vai explorar: se n\u00e3o h\u00e1 nada de errado com a movimenta\u00e7\u00e3o financeira de Fabr\u00edcio Queiroz, e foi tudo mesmo decorrente de compra e venda de carros, n\u00e3o haveria motivos para a fuga da mulher dele.<\/p>\n<h2>\n<strong>Pe\u00e7a-chave<\/strong><\/h2>\n<p>A presen\u00e7a da c\u00fapula jur\u00eddica do governo numa reuni\u00e3o presencial com o ministro Alexandre de Moraes, do Supremo Tribunal Federal, em S\u00e3o Paulo, foi para criar uma outra ponte com aquele que pediu vista no processo que tramita no Tribunal Superior Eleitoral contra a chapa Bolsonaro\/Mour\u00e3o. Conforme alertou a coluna h\u00e1 alguns dias, Moraes \u00e9, hoje, o elo entre o processo das fake news e a a\u00e7\u00e3o no TSE.<\/p>\n<p><strong>Se quiser, multa\/<\/strong> Todas as imagens do advogado Frederick Wassef na posse do ministro das Comunica\u00e7\u00f5es, F\u00e1bio Faria, mostram que ele estava sem m\u00e1scara num evento p\u00fablico. A aus\u00eancia da prote\u00e7\u00e3o no DF est\u00e1 sujeita a multa de R$ 2 mil.<\/p>\n<p><strong>Por falar em Wassef&#8230;\/<\/strong> Nas rodas de Bras\u00edlia, mudou o slogan. O tal \u201conde est\u00e1 Queiroz\u201d agora \u00e9 \u201conde est\u00e1 Wassef?\u201d O advogado n\u00e3o deu qualquer declara\u00e7\u00e3o nas primeiras 24 horas<br \/>\np\u00f3s-pris\u00e3o do ex-assessor.<\/p>\n<p><strong>Afastamento\/<\/strong> O presidente Jair Bolsonaro decidiu seguir o conselho de amigos e manter dist\u00e2ncia de Wassef. Isso significa, inclusive,<a href=\"http:\/\/blogs.correiobraziliense.com.br\/denise\/frederick-wassef-sera-afastado-da-defesa-de-flavio-bolsonaro\/\"> buscar um novo advogado para Fl\u00e1vio<\/a>. A avalia\u00e7\u00e3o \u00e9 de que o defensor n\u00e3o conseguiu buscar provas capazes de levar a Pol\u00edcia Federal a uma linha forte de investiga\u00e7\u00e3o sobre a hip\u00f3tese de que Ad\u00e9lio Bispo n\u00e3o agiu sozinho quando esfaqueou o presidente. E, agora, com a pris\u00e3o de Fabr\u00edcio Queiroz numa casa de Wassef, a rela\u00e7\u00e3o se tornou insustent\u00e1vel.<\/p>\n<p><strong>Fato positivo e animador\/<\/strong> O Sistema de Sa\u00fade Hapvida comemora, com raz\u00e3o, a cura de quase 8 mil pacientes v\u00edtimas da covid-19, internados em v\u00e1rias de suas unidades, em todo o pa\u00eds, e que, agora, j\u00e1 est\u00e3o em casa, em franca recupera\u00e7\u00e3o. De fato, h\u00e1 motivos para festejar. O sistema atende, em sua maioria, pessoas que vivem nas regi\u00f5es Norte e Nordeste, locais mais afetados por esse v\u00edrus devastador.<\/p>\n","protected":false},"excerpt":{"rendered":"<p>Coluna Bras\u00edlia-DF Com poucas UTIs dispon\u00edveis no Distrito Federal em hospitais frequentados por senadores e o aumento de casos da covid-19, a c\u00fapula do Congresso come\u00e7a a cogitar a hip\u00f3tese de s\u00f3 retomar as sess\u00f5es presidenciais em agosto. A data inicial era 15 de julho, por\u00e9m, com o crescimento no n\u00famero de casos da doen\u00e7a, [&hellip;]<\/p>\n","protected":false},"author":29,"featured_media":5669,"comment_status":"closed","ping_status":"closed","sticky":false,"template":"","format":"standard","meta":{"wpb_read_more":[],"footnotes":""},"categories":[4],"tags":[271,47,234,357],"class_list":["post-5668","post","type-post","status-publish","format-standard","has-post-thumbnail","hentry","category-coluna-brasilia-df","tag-covid-19","tag-flavio-bolsonaro","tag-ibaneis-rocha","tag-senado-federal"],"_links":{"self":[{"href":"https:\/\/blogs2.correiobraziliense.com.br\/denise\/wp-json\/wp\/v2\/posts\/5668","targetHints":{"allow":["GET"]}}],"collection":[{"href":"https:\/\/blogs2.correiobraziliense.com.br\/denise\/wp-json\/wp\/v2\/posts"}],"about":[{"href":"https:\/\/blogs2.correiobraziliense.com.br\/denise\/wp-json\/wp\/v2\/types\/post"}],"author":[{"embeddable":true,"href":"https:\/\/blogs2.correiobraziliense.com.br\/denise\/wp-json\/wp\/v2\/users\/29"}],"replies":[{"embeddable":true,"href":"https:\/\/blogs2.correiobraziliense.com.br\/denise\/wp-json\/wp\/v2\/comments?post=5668"}],"version-history":[{"count":0,"href":"https:\/\/blogs2.correiobraziliense.com.br\/denise\/wp-json\/wp\/v2\/posts\/5668\/revisions"}],"wp:featuredmedia":[{"embeddable":true,"href":"https:\/\/blogs2.correiobraziliense.com.br\/denise\/wp-json\/wp\/v2\/media\/5669"}],"wp:attachment":[{"href":"https:\/\/blogs2.correiobraziliense.com.br\/denise\/wp-json\/wp\/v2\/media?parent=5668"}],"wp:term":[{"taxonomy":"category","embeddable":true,"href":"https:\/\/blogs2.correiobraziliense.com.br\/denise\/wp-json\/wp\/v2\/categories?post=5668"},{"taxonomy":"post_tag","embeddable":true,"href":"https:\/\/blogs2.correiobraziliense.com.br\/denise\/wp-json\/wp\/v2\/tags?post=5668"}],"curies":[{"name":"wp","href":"https:\/\/api.w.org\/{rel}","templated":true}]}}