{"id":5687,"date":"2020-06-21T08:11:31","date_gmt":"2020-06-21T11:11:31","guid":{"rendered":"http:\/\/blogs.correiobraziliense.com.br\/denise\/?p=5687"},"modified":"2020-06-21T08:11:31","modified_gmt":"2020-06-21T11:11:31","slug":"centrao-sela-paz-interna-mas-nao-inclui-presidencia-da-camara-nela","status":"publish","type":"post","link":"https:\/\/blogs2.correiobraziliense.com.br\/denise\/centrao-sela-paz-interna-mas-nao-inclui-presidencia-da-camara-nela\/","title":{"rendered":"Centr\u00e3o sela paz interna, mas n\u00e3o inclui Presid\u00eancia da C\u00e2mara nela"},"content":{"rendered":"<h6><strong>Coluna Bras\u00edlia-DF<\/strong><\/h6>\n<p>L\u00edderes dos partidos do Centr\u00e3o fizeram uma reuni\u00e3o, na semana passada, a fim de elencar os cargos pass\u00edveis de pedidos ao governo federal. A ideia de fazer uma lista conjunta foi para distribuir as solicita\u00e7\u00f5es, de forma a evitar disputas entre eles, que possam enfraquecer a for\u00e7a do grupo na hora de mostrar servi\u00e7o ao Planalto.<\/p>\n<p>De quebra, ainda selaram um compromisso de n\u00e3o se deixar manipular pelo ministro da Secretaria de Governo, Luiz Eduardo Ramos, que revelou em recente entrevista \u00e0 revista Veja que fazia testes com os pol\u00edticos, exonerando apadrinhados, apenas para que o \u201cpadrinho\u201d o procurasse reclamando. Os partidos n\u00e3o gostaram do tratamento e, at\u00e9 hoje, h\u00e1 muitos chateados com a fama de fisiol\u00f3gico.<\/p>\n<p>Em tempo: a pacifica\u00e7\u00e3o, por\u00e9m, ainda n\u00e3o inclui a corrida pela Presid\u00eancia da C\u00e2mara. Nessa seara, at\u00e9 o momento, vale o cada um por si.<\/p>\n<h2>\n<strong>As f\u00e9rias de Weintraub<\/strong><\/h2>\n<p>O ex-ministro da Educa\u00e7\u00e3o Abraham Weintraub ter\u00e1 que sair dos Estados Unidos a fim de obter o visto que lhe permita trabalhar no Banco Mundial. Mas n\u00e3o precisar\u00e1 voltar ao Brasil. Basta providenciar a papelada em qualquer embaixada americana no mundo afora.<\/p>\n<h2>\n<strong>Saneamento em debate I<\/strong><\/h2>\n<p>Os l\u00edderes do governo passam o fim de semana contando votos para tentar aprovar, nos pr\u00f3ximos dias, o novo marco regulat\u00f3rio do saneamento. No momento, n\u00e3o h\u00e1 consenso. Uma parte dos congressistas deseja adiar a vota\u00e7\u00e3o porque, nesse momento de retra\u00e7\u00e3o econ\u00f4mica global, h\u00e1 o risco de venda abaixo do valor.<\/p>\n<h2>\n<strong>Saneamento em debate II<\/strong><\/h2>\n<p>Por\u00e9m, o argumento dos governistas \u00e9 forte, uma vez que, se aprovado hoje, ainda vai demorar muito tempo para o governo poder realizar as concess\u00f5es. E o Brasil tem pressa m resolver esse problema que se arrasta h\u00e1 anos.<\/p>\n<p><strong>A culpa&#8230;\/<\/strong> Bolsonaristas passaram a disseminar, ontem, no WhatsApp, que, se \u201crachadinha\u201d (desvio de sal\u00e1rio de servidores) \u00e9 crime, o estatuto do PT \u00e9 criminoso, porque obriga os filiados a destinarem uma parte do sal\u00e1rio ao partido.<\/p>\n<p><strong>&#8230;dos outros\/<\/strong> Tamb\u00e9m circulou em v\u00e1rios grupos a lista daqueles deputados estaduais que tiveram os gabinetes na Alerj acusados de desvio de recursos dos servidores. Entre eles, o presidente da Assembleia Legislativa do Rio de Janeiro, Andr\u00e9 Ceciliano (PT), e o ambientalista Carlos Minc (PSB).<\/p>\n<p><strong>Vis\u00e3o do aliado\/<\/strong> O senador Major Ol\u00edmpio (PSL-SP) saiu-se com esta no Twitter: \u201cQue a vaca j\u00e1 foi para o brejo \u00e9 certeza. Agora, falta saber a dist\u00e2ncia do brejo e a velocidade da vaca\u201d.<\/p>\n<p><strong>Porta da esperan\u00e7a\/<\/strong> Al\u00e9m do setor agropecu\u00e1rio, \u00e9 na \u00e1rea de infraestrutura que o presidente Jair Bolsonaro espera ter condi\u00e7\u00f5es de recuperar prest\u00edgio e votos. Dali, vir\u00e3o a retomada e amplia\u00e7\u00e3o da malha ferrovi\u00e1ria, al\u00e9m de empregos. Tudo coordenado pelo ministro Tarc\u00edsio de Freitas. Ali\u00e1s, a ordem entre os ministros \u00e9 tratar de manter o foco no trabalho e todos repetem, com raz\u00e3o, que o caso Fabr\u00edcio Queiroz nada tem a ver a administra\u00e7\u00e3o do governo federal.<\/p>\n","protected":false},"excerpt":{"rendered":"<p>Coluna Bras\u00edlia-DF L\u00edderes dos partidos do Centr\u00e3o fizeram uma reuni\u00e3o, na semana passada, a fim de elencar os cargos pass\u00edveis de pedidos ao governo federal. A ideia de fazer uma lista conjunta foi para distribuir as solicita\u00e7\u00f5es, de forma a evitar disputas entre eles, que possam enfraquecer a for\u00e7a do grupo na hora de mostrar [&hellip;]<\/p>\n","protected":false},"author":29,"featured_media":5487,"comment_status":"closed","ping_status":"closed","sticky":false,"template":"","format":"standard","meta":{"wpb_read_more":[],"footnotes":""},"categories":[4],"tags":[28,135],"class_list":["post-5687","post","type-post","status-publish","format-standard","has-post-thumbnail","hentry","category-coluna-brasilia-df","tag-bolsonaro","tag-centrao"],"_links":{"self":[{"href":"https:\/\/blogs2.correiobraziliense.com.br\/denise\/wp-json\/wp\/v2\/posts\/5687","targetHints":{"allow":["GET"]}}],"collection":[{"href":"https:\/\/blogs2.correiobraziliense.com.br\/denise\/wp-json\/wp\/v2\/posts"}],"about":[{"href":"https:\/\/blogs2.correiobraziliense.com.br\/denise\/wp-json\/wp\/v2\/types\/post"}],"author":[{"embeddable":true,"href":"https:\/\/blogs2.correiobraziliense.com.br\/denise\/wp-json\/wp\/v2\/users\/29"}],"replies":[{"embeddable":true,"href":"https:\/\/blogs2.correiobraziliense.com.br\/denise\/wp-json\/wp\/v2\/comments?post=5687"}],"version-history":[{"count":0,"href":"https:\/\/blogs2.correiobraziliense.com.br\/denise\/wp-json\/wp\/v2\/posts\/5687\/revisions"}],"wp:featuredmedia":[{"embeddable":true,"href":"https:\/\/blogs2.correiobraziliense.com.br\/denise\/wp-json\/wp\/v2\/media\/5487"}],"wp:attachment":[{"href":"https:\/\/blogs2.correiobraziliense.com.br\/denise\/wp-json\/wp\/v2\/media?parent=5687"}],"wp:term":[{"taxonomy":"category","embeddable":true,"href":"https:\/\/blogs2.correiobraziliense.com.br\/denise\/wp-json\/wp\/v2\/categories?post=5687"},{"taxonomy":"post_tag","embeddable":true,"href":"https:\/\/blogs2.correiobraziliense.com.br\/denise\/wp-json\/wp\/v2\/tags?post=5687"}],"curies":[{"name":"wp","href":"https:\/\/api.w.org\/{rel}","templated":true}]}}