{"id":5688,"date":"2020-06-21T08:10:12","date_gmt":"2020-06-21T11:10:12","guid":{"rendered":"http:\/\/blogs.correiobraziliense.com.br\/denise\/?p=5688"},"modified":"2020-06-21T08:10:12","modified_gmt":"2020-06-21T11:10:12","slug":"irritado-wassef-lembra-os-bolsonaro-que-tem-nove-procuracoes-da-familia","status":"publish","type":"post","link":"https:\/\/blogs2.correiobraziliense.com.br\/denise\/irritado-wassef-lembra-os-bolsonaro-que-tem-nove-procuracoes-da-familia\/","title":{"rendered":"Irritado, Wassef lembra aos Bolsonaros que tem nove procura\u00e7\u00f5es da fam\u00edlia"},"content":{"rendered":"<h6><strong>Coluna Bras\u00edlia-DF<\/strong><\/h6>\n<p>O senador Fl\u00e1vio Bolsonaro (Republicanos-RJ) est\u00e1 em xeque-mate. Ao decidir trocar de advogado, <a href=\"http:\/\/blogs.correiobraziliense.com.br\/denise\/frederick-wassef-sera-afastado-da-defesa-de-flavio-bolsonaro\/\">conforme revelou o Blog da Denise<\/a>, na sexta-feira, o senador deixa Frederick Wassef \u00e0 deriva e irritado. O advogado fez chegar \u00e0 fam\u00edlia uma mensagem: que n\u00e3o se esque\u00e7a de que ele \u00e9 portador de nove procura\u00e7\u00f5es dos Bolsonaros, representando, al\u00e9m de Fl\u00e1vio, Carlos e o pr\u00f3prio presidente Jair Bolsonaro.<\/p>\n<h2><strong>Sem controle<\/strong><\/h2>\n<p>Parte dos aliados do presidente entendeu ainda como outro recado de Wassef aos Bolsonaros o fato de ele dizer que nunca falou com Queiroz e que n\u00e3o \u00e9 o \u201canjo\u201d \u2014 seu apelido e nome dado \u00e0 opera\u00e7\u00e3o que prendeu Queiroz em seu escrit\u00f3rio em Atibaia. As declara\u00e7\u00f5es foram dadas \u00e0 rep\u00f3rter Catia Seabra, da <em>Folha de S.Paulo<\/em>.<\/p>\n","protected":false},"excerpt":{"rendered":"<p>Coluna Bras\u00edlia-DF O senador Fl\u00e1vio Bolsonaro (Republicanos-RJ) est\u00e1 em xeque-mate. Ao decidir trocar de advogado, conforme revelou o Blog da Denise, na sexta-feira, o senador deixa Frederick Wassef \u00e0 deriva e irritado. O advogado fez chegar \u00e0 fam\u00edlia uma mensagem: que n\u00e3o se esque\u00e7a de que ele \u00e9 portador de nove procura\u00e7\u00f5es dos Bolsonaros, representando, [&hellip;]<\/p>\n","protected":false},"author":29,"featured_media":5655,"comment_status":"closed","ping_status":"closed","sticky":false,"template":"","format":"standard","meta":{"wpb_read_more":[],"footnotes":""},"categories":[4],"tags":[28,170,47,355],"class_list":["post-5688","post","type-post","status-publish","format-standard","has-post-thumbnail","hentry","category-coluna-brasilia-df","tag-bolsonaro","tag-carlos-bolsonaro","tag-flavio-bolsonaro","tag-frederick-wassef"],"_links":{"self":[{"href":"https:\/\/blogs2.correiobraziliense.com.br\/denise\/wp-json\/wp\/v2\/posts\/5688","targetHints":{"allow":["GET"]}}],"collection":[{"href":"https:\/\/blogs2.correiobraziliense.com.br\/denise\/wp-json\/wp\/v2\/posts"}],"about":[{"href":"https:\/\/blogs2.correiobraziliense.com.br\/denise\/wp-json\/wp\/v2\/types\/post"}],"author":[{"embeddable":true,"href":"https:\/\/blogs2.correiobraziliense.com.br\/denise\/wp-json\/wp\/v2\/users\/29"}],"replies":[{"embeddable":true,"href":"https:\/\/blogs2.correiobraziliense.com.br\/denise\/wp-json\/wp\/v2\/comments?post=5688"}],"version-history":[{"count":0,"href":"https:\/\/blogs2.correiobraziliense.com.br\/denise\/wp-json\/wp\/v2\/posts\/5688\/revisions"}],"wp:featuredmedia":[{"embeddable":true,"href":"https:\/\/blogs2.correiobraziliense.com.br\/denise\/wp-json\/wp\/v2\/media\/5655"}],"wp:attachment":[{"href":"https:\/\/blogs2.correiobraziliense.com.br\/denise\/wp-json\/wp\/v2\/media?parent=5688"}],"wp:term":[{"taxonomy":"category","embeddable":true,"href":"https:\/\/blogs2.correiobraziliense.com.br\/denise\/wp-json\/wp\/v2\/categories?post=5688"},{"taxonomy":"post_tag","embeddable":true,"href":"https:\/\/blogs2.correiobraziliense.com.br\/denise\/wp-json\/wp\/v2\/tags?post=5688"}],"curies":[{"name":"wp","href":"https:\/\/api.w.org\/{rel}","templated":true}]}}