{"id":5702,"date":"2020-06-23T07:53:44","date_gmt":"2020-06-23T10:53:44","guid":{"rendered":"http:\/\/blogs.correiobraziliense.com.br\/denise\/?p=5696"},"modified":"2020-06-23T07:53:44","modified_gmt":"2020-06-23T10:53:44","slug":"apos-elogiar-wassef-publicamente-flavio-precisara-mudar-estrategia-de-defesa","status":"publish","type":"post","link":"https:\/\/blogs2.correiobraziliense.com.br\/denise\/apos-elogiar-wassef-publicamente-flavio-precisara-mudar-estrategia-de-defesa\/","title":{"rendered":"Ap\u00f3s elogiar Wassef publicamente, Fl\u00e1vio precisar\u00e1 mudar estrat\u00e9gia de defesa"},"content":{"rendered":"<h6><strong>Coluna Bras\u00edlia-DF<\/strong><\/h6>\n<p>Ao enfatizar a \u201clealdade e compet\u00eancia \u00edmpares e insubstitu\u00edveis\u201d de Frederick Wassef, e dizer que o advogado largou a defesa porque quis, o senador Fl\u00e1vio Bolsonaro (Republicanos-RJ) p\u00f5e os dois p\u00e9s na presen\u00e7a de Fabr\u00edcio Queiroz na casa em Atibaia.<\/p>\n<h2>\n<strong>Vaca no brejo\u00a0<\/strong><\/h2>\n<p>A forma de o filho 01 do presidente se eximir de qualquer rela\u00e7\u00e3o com Queiroz, contam seus aliados, era alegar que Wassef havia quebrado a confian\u00e7a entre advogado e cliente. Agora, ao dizer por escrito em suas redes sociais que n\u00e3o queria substituir o advogado, o senador ter\u00e1 que buscar outro caminho.<\/p>\n<h2>\n<strong>Distanciamento social<\/strong><\/h2>\n<p>A tentativa de recuperar essa situa\u00e7\u00e3o ser\u00e1 o depoimento de Fl\u00e1vio pedido pelo novo advogado, Rodrigo Roca, como forma de mudar o rumo da prosa de Fred Wassef. Apesar da \u201clealdade e da compet\u00eancia\u201d de Wassef serem consideradas insubstitu\u00edveis por Fl\u00e1vio, a dist\u00e2ncia \u00e9 a ordem do momento.<\/p>\n<h2><strong>Espera decantar<\/strong><\/h2>\n<p>Dentro do Congresso, os l\u00edderes que ficar\u00e3o respons\u00e1veis por dar aquela for\u00e7a a Fl\u00e1vio quando voltarem as sess\u00f5es presenciais do Senado est\u00e3o inseguros. Enquanto n\u00e3o se tiver clareza sobre o que Fabr\u00edcio Queiroz e seus parentes v\u00e3o falar sobre o parlamentar e o desvio de sal\u00e1rios de assessores do gabinete, as \u201crachadinhas\u201d, n\u00e3o d\u00e1 para montar uma estrat\u00e9gia pol\u00edtica firme de defesa.<\/p>\n","protected":false},"excerpt":{"rendered":"<p>Coluna Bras\u00edlia-DF Ao enfatizar a \u201clealdade e compet\u00eancia \u00edmpares e insubstitu\u00edveis\u201d de Frederick Wassef, e dizer que o advogado largou a defesa porque quis, o senador Fl\u00e1vio Bolsonaro (Republicanos-RJ) p\u00f5e os dois p\u00e9s na presen\u00e7a de Fabr\u00edcio Queiroz na casa em Atibaia. Vaca no brejo\u00a0 A forma de o filho 01 do presidente se eximir [&hellip;]<\/p>\n","protected":false},"author":29,"featured_media":2956,"comment_status":"closed","ping_status":"closed","sticky":false,"template":"","format":"standard","meta":{"wpb_read_more":[],"footnotes":""},"categories":[4],"tags":[46,47,355],"class_list":["post-5702","post","type-post","status-publish","format-standard","has-post-thumbnail","hentry","category-coluna-brasilia-df","tag-fabricio-queiroz","tag-flavio-bolsonaro","tag-frederick-wassef"],"_links":{"self":[{"href":"https:\/\/blogs2.correiobraziliense.com.br\/denise\/wp-json\/wp\/v2\/posts\/5702","targetHints":{"allow":["GET"]}}],"collection":[{"href":"https:\/\/blogs2.correiobraziliense.com.br\/denise\/wp-json\/wp\/v2\/posts"}],"about":[{"href":"https:\/\/blogs2.correiobraziliense.com.br\/denise\/wp-json\/wp\/v2\/types\/post"}],"author":[{"embeddable":true,"href":"https:\/\/blogs2.correiobraziliense.com.br\/denise\/wp-json\/wp\/v2\/users\/29"}],"replies":[{"embeddable":true,"href":"https:\/\/blogs2.correiobraziliense.com.br\/denise\/wp-json\/wp\/v2\/comments?post=5702"}],"version-history":[{"count":0,"href":"https:\/\/blogs2.correiobraziliense.com.br\/denise\/wp-json\/wp\/v2\/posts\/5702\/revisions"}],"wp:featuredmedia":[{"embeddable":true,"href":"https:\/\/blogs2.correiobraziliense.com.br\/denise\/wp-json\/wp\/v2\/media\/2956"}],"wp:attachment":[{"href":"https:\/\/blogs2.correiobraziliense.com.br\/denise\/wp-json\/wp\/v2\/media?parent=5702"}],"wp:term":[{"taxonomy":"category","embeddable":true,"href":"https:\/\/blogs2.correiobraziliense.com.br\/denise\/wp-json\/wp\/v2\/categories?post=5702"},{"taxonomy":"post_tag","embeddable":true,"href":"https:\/\/blogs2.correiobraziliense.com.br\/denise\/wp-json\/wp\/v2\/tags?post=5702"}],"curies":[{"name":"wp","href":"https:\/\/api.w.org\/{rel}","templated":true}]}}