{"id":5710,"date":"2020-06-26T08:01:04","date_gmt":"2020-06-26T11:01:04","guid":{"rendered":"http:\/\/blogs.correiobraziliense.com.br\/denise\/?p=5710"},"modified":"2020-06-26T08:01:04","modified_gmt":"2020-06-26T11:01:04","slug":"bolsonaro-adota-novo-normal-para-reduzir-os-estragos-na-imagem","status":"publish","type":"post","link":"https:\/\/blogs2.correiobraziliense.com.br\/denise\/bolsonaro-adota-novo-normal-para-reduzir-os-estragos-na-imagem\/","title":{"rendered":"Bolsonaro adota novo normal para reduzir os estragos na imagem"},"content":{"rendered":"<h6><strong>Coluna Bras\u00edlia-DF<\/strong><\/h6>\n<p>Em conversas reservadas, militares e l\u00edderes partid\u00e1rios comemoram a mudan\u00e7a de postura do presidente Jair Bolsonaro, em rela\u00e7\u00e3o aos outros Poderes. Est\u00e1 muito diferente do confronto adotado com Rodrigo Maia, em 16 de abril, quando, em entrevista \u00e0 <em>CNN<\/em>, disse que o presidente da C\u00e2mara deveria respeit\u00e1-lo e que sabia qual o tipo de di\u00e1logo que ele queria. E tamb\u00e9m do \u201cacabou, p&#8230;\u201d, em rela\u00e7\u00e3o ao Supremo Tribunal Federal (STF).<\/p>\n<p>A ideia \u00e9 tentar tirar de cena n\u00e3o s\u00f3 os inqu\u00e9ritos e processos em curso no Judici\u00e1rio, mas tamb\u00e9m jogar no assado a postura do governo no in\u00edcio da pandemia de covid-19, quando o presidente n\u00e3o usava m\u00e1scara, dizia que tudo deveria voltar ao normal, porque o desemprego mataria mais do que o novo coronav\u00edrus, que a covid-19 era uma \u201cgripezinha\u201d e por a\u00ed vai.<\/p>\n<p>Material que est\u00e1 guardado para os advers\u00e1rios, a fim de ser usado nas ampanhas futuras, seja este ano, seja em 2022. Nesse esp\u00edrito de deixar tudo no passado, houve ainda uma homenagem \u00e0s v\u00edtimas do coronav\u00edrus na live de ontem.<\/p>\n<h2>\n<strong>Al\u00edvio para Fl\u00e1vio<\/strong><\/h2>\n<p>O senador Fl\u00e1vio Bolsonaro (Republicanos-RJ) respirou mais aliviado pela primeira vez em muitos dias. Tudo por causa da transfer\u00eancia, para a segunda inst\u00e2ncia, do processo das \u201crachadinhas\u201d \u2014 como \u00e9 conhecida a investiga\u00e7\u00e3o sobre desvio de sal\u00e1rios dos servidores do gabinete do 01, quando ainda deputado na Assembleia Legislativa do Rio de Janeiro.<\/p>\n<h2>\n<strong>A fam\u00edlia torce<\/strong><\/h2>\n<p>A esperan\u00e7a dos Bolsonaro, agora, \u00e9 que Fabr\u00edcio Queiroz seja solto e o pedido de pris\u00e3o de M\u00e1rcia seja anulado. Assim, Fl\u00e1vio ganhar\u00e1 discurso para levar \u00e0 tribuna do Senado, quando voltarem as sess\u00f5es presenciais. E, de quebra, arrefecer as iniciativas contra ele no Conselho de \u00c9tica da Casa.<\/p>\n<h2>\n<strong>O \u201cgeneral\u201d de Bolsonaro<\/strong><\/h2>\n<p>A oposi\u00e7\u00e3o vai for\u00e7ar para que as pr\u00f3ximas parcelas do aux\u00edlio emergencial continuem na faixa dos R$ 600, nem que seja para marcar posi\u00e7\u00e3o. A briga promete e foi justamente para defender a proposta do governo que o ministro da Economia, Paulo Guedes, foi destaque na live de ontem, ao lado do presidente. Dos t\u00e9cnicos, Guedes \u00e9 considerado um dos grandes comunicadores da equipe presidencial.<\/p>\n<h2>\n<strong>Esquece o outro, \u201ctalkey\u201d?<\/strong><\/h2>\n<p>A escolha do novo ministro da Educa\u00e7\u00e3o, Carlos Decotelli, tem a miss\u00e3o de serenar os \u00e2nimos na \u00e1rea e tentar acalmar setor. N\u00e3o d\u00e1 mais para continuar com tanta tens\u00e3o, em especial, com as universidades.<\/p>\n<p><strong>Tchau, Ciro Gomes\/<\/strong> A presen\u00e7a de Bolsonaro no Cear\u00e1, hoje, com um discurso pol\u00edtico \u00e9 para mostrar que, nem quando Ciro Gomes era ministro, o governo concluiu uma obra como o eixo norte da transposi\u00e7\u00e3o do S\u00e3o Francisco.<\/p>\n<p><strong>Em nome do filho\/<\/strong> A leveza do presidente na live de ontem foi atribu\u00edda \u00e0 vit\u00f3ria do pedido da defesa de Fl\u00e1vio para a transfer\u00eancia das \u201crachadinhas\u201d para a segunda inst\u00e2ncia.<\/p>\n<p><strong>Pesou\/<\/strong> O fato de o secret\u00e1rio de Educa\u00e7\u00e3o do Paran\u00e1, Renato Feder, ter feito uma doa\u00e7\u00e3o de R$ 120 mil para Jo\u00e3o D\u00f3ria (foto) foi crucial para n\u00e3o ser escolhido ministro.<\/p>\n<p><strong>E o Fux, hein?\/<\/strong> N\u00e3o ser\u00e1 um aliado de Bolsonaro no comando do Supremo Tribunal Federal, a partir de setembro. Se ele n\u00e3o teve fidelidade ao governo do PT, que o indicou para a Suprema Corte, n\u00e3o ser\u00e1 agora que mudar\u00e1. Seu compromisso, avisam os ministros, \u00e9 com o STF e a Constitui\u00e7\u00e3o.<\/p>\n<p><strong>Ops!\/<\/strong> A elei\u00e7\u00e3o dos procuradores citada na coluna de ontem foi para o Conselho Superior do Minist\u00e9rio P\u00fablico e n\u00e3o para o Conselho Nacional.<\/p>\n","protected":false},"excerpt":{"rendered":"<p>Coluna Bras\u00edlia-DF Em conversas reservadas, militares e l\u00edderes partid\u00e1rios comemoram a mudan\u00e7a de postura do presidente Jair Bolsonaro, em rela\u00e7\u00e3o aos outros Poderes. Est\u00e1 muito diferente do confronto adotado com Rodrigo Maia, em 16 de abril, quando, em entrevista \u00e0 CNN, disse que o presidente da C\u00e2mara deveria respeit\u00e1-lo e que sabia qual o tipo [&hellip;]<\/p>\n","protected":false},"author":29,"featured_media":5711,"comment_status":"closed","ping_status":"closed","sticky":false,"template":"","format":"standard","meta":{"wpb_read_more":[],"footnotes":""},"categories":[4],"tags":[28,46,47,362],"class_list":["post-5710","post","type-post","status-publish","format-standard","has-post-thumbnail","hentry","category-coluna-brasilia-df","tag-bolsonaro","tag-fabricio-queiroz","tag-flavio-bolsonaro","tag-tres-poderes"],"_links":{"self":[{"href":"https:\/\/blogs2.correiobraziliense.com.br\/denise\/wp-json\/wp\/v2\/posts\/5710","targetHints":{"allow":["GET"]}}],"collection":[{"href":"https:\/\/blogs2.correiobraziliense.com.br\/denise\/wp-json\/wp\/v2\/posts"}],"about":[{"href":"https:\/\/blogs2.correiobraziliense.com.br\/denise\/wp-json\/wp\/v2\/types\/post"}],"author":[{"embeddable":true,"href":"https:\/\/blogs2.correiobraziliense.com.br\/denise\/wp-json\/wp\/v2\/users\/29"}],"replies":[{"embeddable":true,"href":"https:\/\/blogs2.correiobraziliense.com.br\/denise\/wp-json\/wp\/v2\/comments?post=5710"}],"version-history":[{"count":0,"href":"https:\/\/blogs2.correiobraziliense.com.br\/denise\/wp-json\/wp\/v2\/posts\/5710\/revisions"}],"wp:featuredmedia":[{"embeddable":true,"href":"https:\/\/blogs2.correiobraziliense.com.br\/denise\/wp-json\/wp\/v2\/media\/5711"}],"wp:attachment":[{"href":"https:\/\/blogs2.correiobraziliense.com.br\/denise\/wp-json\/wp\/v2\/media?parent=5710"}],"wp:term":[{"taxonomy":"category","embeddable":true,"href":"https:\/\/blogs2.correiobraziliense.com.br\/denise\/wp-json\/wp\/v2\/categories?post=5710"},{"taxonomy":"post_tag","embeddable":true,"href":"https:\/\/blogs2.correiobraziliense.com.br\/denise\/wp-json\/wp\/v2\/tags?post=5710"}],"curies":[{"name":"wp","href":"https:\/\/api.w.org\/{rel}","templated":true}]}}