{"id":5716,"date":"2020-06-30T08:05:47","date_gmt":"2020-06-30T11:05:47","guid":{"rendered":"http:\/\/blogs.correiobraziliense.com.br\/denise\/?p=5716"},"modified":"2020-06-30T08:05:47","modified_gmt":"2020-06-30T11:05:47","slug":"ministros-do-stf-cogitam-mandar-recado-a-desembargadores-quando-devolverem-caso-de-flavio-a-1a-instancia","status":"publish","type":"post","link":"https:\/\/blogs2.correiobraziliense.com.br\/denise\/ministros-do-stf-cogitam-mandar-recado-a-desembargadores-quando-devolverem-caso-de-flavio-a-1a-instancia\/","title":{"rendered":"Ministros do STF cogitam mandar recado a desembargadores quando devolverem caso de Fl\u00e1vio \u00e0 1\u00aa inst\u00e2ncia"},"content":{"rendered":"<h6><strong>Coluna Bras\u00edlia-DF<\/strong><\/h6>\n<p>A alegria do senador Fl\u00e1vio Bolsonaro (Republicanos-RJ) vai durar pouco. A tend\u00eancia do Supremo Tribunal Federal (STF) \u00e9 devolver o caso \u00e0 primeira inst\u00e2ncia, quando chegar a hora de avaliar o recurso do Minist\u00e9rio P\u00fablico do Rio de Janeiro contra o foro privilegiado obtido pelo parlamentar, na semana passada.<\/p>\n<p>Alguns ministros, inclusive, cogitam mandar um recado aos desembargadores da 3\u00aa C\u00e2mara. Muitos n\u00e3o gostaram do fato de ter sido desconsiderada a decis\u00e3o do STF, que havia deixado o caso na primeira inst\u00e2ncia, porque Fl\u00e1vio n\u00e3o \u00e9 mais deputado estadual e nem tampouco \u00e9 alvo de algo que ocorreu no exerc\u00edcio do mandato de senador.<\/p>\n<p>Portanto, n\u00e3o cabe o foro privilegiado, conforme o voto do ministro Marco Aur\u00e9lio Mello, citado agora no pedido dos promotores ao STF. A inclina\u00e7\u00e3o do Supremo d\u00e1 \u00e0 defesa de Fl\u00e1vio pouca margem de manobra para tentar evitar a investiga\u00e7\u00e3o na primeira inst\u00e2ncia.<\/p>\n<p>E se seguir para a Corte, ser\u00e1 por causa de tentativa de obstru\u00e7\u00e3o de Justi\u00e7a, agora, algo que vai complicar a vida do senador tamb\u00e9m no Congresso. Ou seja, o que est\u00e1 ruim corre o risco de ficar pior.<\/p>\n<h2><strong>Sobrou para a Abin<\/strong><\/h2>\n<p>Encarregada de analisar os curr\u00edculos daqueles indicados por pol\u00edticos para cargo no governo, a Ag\u00eancia Brasileira de Intelig\u00eancia (Abin) n\u00e3o fez qualquer checagem sobre o curr\u00edculo do novo ministro da Educa\u00e7\u00e3o, Carlos Alberto Decotelli. Ou seja, deixou o presidente Jair Bolsonaro exposto a um constrangimento desnecess\u00e1rio.<\/p>\n<h2><strong>Deixa estar&#8230;<\/strong><\/h2>\n<p>\u2026para ver como \u00e9 que fica. Antes de receber uma resposta atrasada da Abin sobre o curr\u00edculo de Decotelli, Bolsonaro age para decantar as press\u00f5es do Centr\u00e3o e do tal \u201cgabinete do \u00f3dio\u201d, que almejam o cargo.<\/p>\n<p>O presidente sabe que, se reabrir a discuss\u00e3o, vai dar problema na base. Por isso, a nota de ontem nas redes sociais dizendo que Decotelli n\u00e3o quer ser um problema para o governo. Fecha a porta de sa\u00edda e deixa uma brecha para que o ministro pe\u00e7a para sair, se for o caso.<\/p>\n<h2><strong>O grupo dos sem ministro<\/strong><\/h2>\n<p>Senadores de partidos do Centr\u00e3o t\u00eam reclamado a falta de um cargo de primeiro escal\u00e3o para os seus. Como Bolsonaro n\u00e3o deu margem para nomear um senador para a Educa\u00e7\u00e3o, o grupo agora se volta para outros setores em que os ministros v\u00e3o muito bem, e Bolsonaro n\u00e3o pensa em mudar \u2014 caso, por exemplo, de Minas e Energia.<\/p>\n<h2><strong>Pense direitinho<\/strong><\/h2>\n<p>No Congresso, h\u00e1 quem diga que os problemas que cercam o senador Fl\u00e1vio Bolsonaro indicam que n\u00e3o basta ele atender apenas ao presidente do PP, senador Ciro Nogueira (PI), para refor\u00e7ar a base na Casa. \u00c9 preciso dar a todos os partidos a sensa\u00e7\u00e3o de \u201cser governo\u201d, algo que ainda n\u00e3o est\u00e1 consolidado ali.<\/p>\n<p><strong>Economia &amp; coronav\u00edrus\/<\/strong> A comiss\u00e3o de acompanhamento das medidas de controle da pandemia de coronav\u00edrus recebe, hoje, o ministro da Economia, Paulo Guedes. Uma das principais quest\u00f5es \u00e9 a demora na libera\u00e7\u00e3o das linhas de cr\u00e9ditos. \u201cA solu\u00e7\u00e3o da crise econ\u00f4mica est\u00e1 no cr\u00e9dito. Ele tem que dar um arrocho nos bancos. Os recursos do BNDES, por exemplo, ainda n\u00e3o est\u00e3o chegando \u00e0s empresas\u201d, diz o senador Izalci Lucas (PSDB-DF, foto), titular da comiss\u00e3o.<\/p>\n<p><strong>Por escrito e com testemunhas\/<\/strong> O senador quer saber, ainda, a posi\u00e7\u00e3o final do governo a respeito da prorroga\u00e7\u00e3o do aux\u00edlio emergencial. At\u00e9 aqui, h\u00e1 quem diga que ser\u00e3o tr\u00eas parcelas de valores de decrescente, de R$ 500, R$ 400 e R$ 300, ou duas parcelas de R$ 600.<\/p>\n<p><strong>Queijo su\u00ed\u00e7o\/<\/strong> Os mecanismos e controle, que falharam em ela\u00e7\u00e3o ao aux\u00edlio emergencial, tamb\u00e9m ser\u00e3o objeto de perguntas. N\u00e3o se sabe, por exemplo, como 18 mil mortos receberam o benef\u00edcio. \u201cCad\u00ea os cart\u00f3rios?\u201d, pergunta Izalci.<\/p>\n<p><strong>Lupa no DF\/<\/strong> A partir da semana que vem, Izalci pretende colocar para funcionar uma estrutura semelhante a desta comiss\u00e3o mista da covid-19 para acompanhar a situa\u00e7\u00e3o da pandemia no Distrito Federal. Hoje, ele encaminha os convites \u00e0s secretarias de Sa\u00fade, de Economia, de Educa\u00e7\u00e3o e de Atendimento \u00e0 Comunidade. A ideia \u00e9 fazer audi\u00eancias virtuais todas as egundas-feiras, das 14h \u00e0s 15h30.<\/p>\n","protected":false},"excerpt":{"rendered":"<p>Coluna Bras\u00edlia-DF A alegria do senador Fl\u00e1vio Bolsonaro (Republicanos-RJ) vai durar pouco. A tend\u00eancia do Supremo Tribunal Federal (STF) \u00e9 devolver o caso \u00e0 primeira inst\u00e2ncia, quando chegar a hora de avaliar o recurso do Minist\u00e9rio P\u00fablico do Rio de Janeiro contra o foro privilegiado obtido pelo parlamentar, na semana passada. Alguns ministros, inclusive, cogitam [&hellip;]<\/p>\n","protected":false},"author":29,"featured_media":5717,"comment_status":"closed","ping_status":"closed","sticky":false,"template":"","format":"standard","meta":{"wpb_read_more":[],"footnotes":""},"categories":[4],"tags":[333,47,34],"class_list":["post-5716","post","type-post","status-publish","format-standard","has-post-thumbnail","hentry","category-coluna-brasilia-df","tag-abin","tag-flavio-bolsonaro","tag-stf"],"_links":{"self":[{"href":"https:\/\/blogs2.correiobraziliense.com.br\/denise\/wp-json\/wp\/v2\/posts\/5716","targetHints":{"allow":["GET"]}}],"collection":[{"href":"https:\/\/blogs2.correiobraziliense.com.br\/denise\/wp-json\/wp\/v2\/posts"}],"about":[{"href":"https:\/\/blogs2.correiobraziliense.com.br\/denise\/wp-json\/wp\/v2\/types\/post"}],"author":[{"embeddable":true,"href":"https:\/\/blogs2.correiobraziliense.com.br\/denise\/wp-json\/wp\/v2\/users\/29"}],"replies":[{"embeddable":true,"href":"https:\/\/blogs2.correiobraziliense.com.br\/denise\/wp-json\/wp\/v2\/comments?post=5716"}],"version-history":[{"count":0,"href":"https:\/\/blogs2.correiobraziliense.com.br\/denise\/wp-json\/wp\/v2\/posts\/5716\/revisions"}],"wp:featuredmedia":[{"embeddable":true,"href":"https:\/\/blogs2.correiobraziliense.com.br\/denise\/wp-json\/wp\/v2\/media\/5717"}],"wp:attachment":[{"href":"https:\/\/blogs2.correiobraziliense.com.br\/denise\/wp-json\/wp\/v2\/media?parent=5716"}],"wp:term":[{"taxonomy":"category","embeddable":true,"href":"https:\/\/blogs2.correiobraziliense.com.br\/denise\/wp-json\/wp\/v2\/categories?post=5716"},{"taxonomy":"post_tag","embeddable":true,"href":"https:\/\/blogs2.correiobraziliense.com.br\/denise\/wp-json\/wp\/v2\/tags?post=5716"}],"curies":[{"name":"wp","href":"https:\/\/api.w.org\/{rel}","templated":true}]}}