{"id":5724,"date":"2020-07-01T07:46:21","date_gmt":"2020-07-01T10:46:21","guid":{"rendered":"http:\/\/blogs.correiobraziliense.com.br\/denise\/?p=5724"},"modified":"2020-07-01T07:46:21","modified_gmt":"2020-07-01T10:46:21","slug":"gilmar-mendes-levara-caso-flavio-bolsonaro-para-o-plenario-do-stf-em-agosto","status":"publish","type":"post","link":"https:\/\/blogs2.correiobraziliense.com.br\/denise\/gilmar-mendes-levara-caso-flavio-bolsonaro-para-o-plenario-do-stf-em-agosto\/","title":{"rendered":"Gilmar Mendes levar\u00e1 caso Fl\u00e1vio Bolsonaro para o plen\u00e1rio do STF em agosto"},"content":{"rendered":"<h6><strong>Coluna Bras\u00edlia-DF<\/strong><\/h6>\n<p>O ministro Gilmar Mendes s\u00f3 dar\u00e1 seu voto a respeito do processo Fl\u00e1vio Bolsonaro-\u201cRachadinhas\u201d em agosto. Ele \u00e9 relator, no Supremo Tribunal Federal, do recurso do Minist\u00e9rio P\u00fablico do Rio de Janeiro sobre a decis\u00e3o que levou \u00e0 segunda inst\u00e2ncia o caso das \u201crachadinhas\u201d no gabinete, na Assembleia Legislativa do Rio de Janeiro, do hoje senador. E n\u00e3o haver\u00e1 decis\u00e3o monocr\u00e1tica, ou seja, uma canetada do ministro.<\/p>\n<p>A ideia \u00e9 julgar no pleno, de forma a evitar o que alguns advogados chamam de \u201co recurso do recurso\u201d, que s\u00f3 serve para protelar o bom andamento de investiga\u00e7\u00f5es e julgamentos.<\/p>\n<p>Significa que Fl\u00e1vio tem julho para respirar e organizar seu jogo, seja na Justi\u00e7a, seja na arena da pol\u00edtica. Agosto, quando o Senado planeja retomar as sess\u00f5es presenciais, a situa\u00e7\u00e3o volta a ficar tensa para o senador.<\/p>\n<h2>\n<strong>Muito al\u00e9m da pandemia<\/strong><\/h2>\n<p>A jogada do governo, de prorrogar o aux\u00edlio emergencial por dois meses, a fim de evitar que o tema volte ao Congresso, n\u00e3o vai colar. A press\u00e3o pol\u00edtica vem no sentido de que a ajuda seja mantida at\u00e9 que a retomada da economia de forma mais segura. E esse movimento tem entre seus apoiadores partidos como o PP, do l\u00edder Arthur Lira, hoje um dos maiores aliados do presidente Jair Bolsonaro. Ou seja, n\u00e3o vai dar para dizer sequer que \u00e9 coisa da oposi\u00e7\u00e3o.<\/p>\n<h2>\n<strong>Socializar a bondade<\/strong><\/h2>\n<p>Os deputados acreditam que \u00e9 chegada a hora de o presidente dar um alento para seus aliados perante a popula\u00e7\u00e3o mais carente. Querem ouvir de Bolsonaro algo do tipo: \u201cOs meus aliados pediram, e eu atendi\u201d. At\u00e9 aqui, ele tem faturado politicamente todas as medidas de seu governo sem dividir o m\u00e9rito com aqueles\u00a0que o apoiam.<\/p>\n<h2>\n<strong>A batalha das fakes I<\/strong><\/h2>\n<p>Uma pesquisa do DataSenado, feita entre 9 e 11 de junho, mostra que, no mundo real, a popula\u00e7\u00e3o est\u00e1 preocupada com as fake news e considera que deve haver, inclusive, a identifica\u00e7\u00e3o de rob\u00f4s que impulsionam mensagens. A preocupa\u00e7\u00e3o em algum grau atinge 87%, e 75% defendem essa identifica\u00e7\u00e3o.<\/p>\n<h2>\n<strong>A batalha das fakes II<\/strong><\/h2>\n<p>Nas redes sociais, entretanto, a hist\u00f3ria \u00e9 outra. Ali, os grupos que n\u00e3o querem a nova lei conseguiram emplacar a sua vis\u00e3o. Entre as palavras mais usadas no Twitter, por exemplo, surgem em destaque a palavra \u201ccensura\u201d e a hashtag #pl2630nao.<\/p>\n<p><strong>A hora da nuvem\/<\/strong> Em sua confer\u00eancia de c\u00fapula para o setor p\u00fablico, a AWS aponta o futuro p\u00f3s-pandemia atracado na nuvem. \u201cAs solu\u00e7\u00f5es em desenvolvimento mudam drasticamente a maneira como o setor p\u00fablico lida com TI. Em resumo: n\u00e3o voltaremos aos modelos de antes\u201d, disse a vice-presidente da Amazon Web Services para o setor p\u00fablico, Teresa Carlson.<\/p>\n<p><strong>At\u00e9 o censo\/<\/strong> Um dos exemplos citados foi o censo dos norte-americanos. Em 2020, pela primeira vez, at\u00e9 o censo dos Estados Unidos \u00e9 on-line. Com a cria\u00e7\u00e3o do website 2020census.gov na AWS, o Departamento do Censo dos EUA p\u00f4de receber as respostas mesmo com a covid-19.<\/p>\n<p><strong>No embalo de Lind\u00f4ra\/<\/strong> Cristiano Zanin, advogado de Lula, comentou recentemente o imbroglio entre a subprocuradora Lind\u00f4ra Mara e a for\u00e7a-tarefa de Curitiba, o que levou ao pedido de demiss\u00e3o de quatro procuradores. \u201cLava-Jato n\u00e3o \u00e9 dona de dados que pertencem ao Estado\u201d, disse Zanin, em entrevista ao El Pa\u00eds. Pelo menos nesse quesito, a turma de Lula e a PGR est\u00e3o do mesmo lado.<\/p>\n<p><strong>E o novo ministro, hein?\/<\/strong> Sobrou para todo mundo a confus\u00e3o em que o governo se meteu por causa do curr\u00edculo de Carlos Alberto Decotelli, que n\u00e3o resistiu a alguns telefonemas. Agora, a ordem \u00e9 uma lupa nos indicados. Ah!, e os pol\u00edticos podem perder as esperan\u00e7as. Ontem, pelo menos, Bolsonaro n\u00e3o queria saber de nomear um senador para o cargo. Se nada mudar no balan\u00e7o das horas, n\u00e3o \u00e9 por ali que o grupo aliado ao governo no Senado ter\u00e1 um minist\u00e9rio para chamar de seu.<\/p>\n","protected":false},"excerpt":{"rendered":"<p>Coluna Bras\u00edlia-DF O ministro Gilmar Mendes s\u00f3 dar\u00e1 seu voto a respeito do processo Fl\u00e1vio Bolsonaro-\u201cRachadinhas\u201d em agosto. Ele \u00e9 relator, no Supremo Tribunal Federal, do recurso do Minist\u00e9rio P\u00fablico do Rio de Janeiro sobre a decis\u00e3o que levou \u00e0 segunda inst\u00e2ncia o caso das \u201crachadinhas\u201d no gabinete, na Assembleia Legislativa do Rio de Janeiro, [&hellip;]<\/p>\n","protected":false},"author":29,"featured_media":5725,"comment_status":"closed","ping_status":"closed","sticky":false,"template":"","format":"standard","meta":{"wpb_read_more":[],"footnotes":""},"categories":[4],"tags":[47,82,363,34],"class_list":["post-5724","post","type-post","status-publish","format-standard","has-post-thumbnail","hentry","category-coluna-brasilia-df","tag-flavio-bolsonaro","tag-gilmar-mendes","tag-rachadinhas","tag-stf"],"_links":{"self":[{"href":"https:\/\/blogs2.correiobraziliense.com.br\/denise\/wp-json\/wp\/v2\/posts\/5724","targetHints":{"allow":["GET"]}}],"collection":[{"href":"https:\/\/blogs2.correiobraziliense.com.br\/denise\/wp-json\/wp\/v2\/posts"}],"about":[{"href":"https:\/\/blogs2.correiobraziliense.com.br\/denise\/wp-json\/wp\/v2\/types\/post"}],"author":[{"embeddable":true,"href":"https:\/\/blogs2.correiobraziliense.com.br\/denise\/wp-json\/wp\/v2\/users\/29"}],"replies":[{"embeddable":true,"href":"https:\/\/blogs2.correiobraziliense.com.br\/denise\/wp-json\/wp\/v2\/comments?post=5724"}],"version-history":[{"count":0,"href":"https:\/\/blogs2.correiobraziliense.com.br\/denise\/wp-json\/wp\/v2\/posts\/5724\/revisions"}],"wp:featuredmedia":[{"embeddable":true,"href":"https:\/\/blogs2.correiobraziliense.com.br\/denise\/wp-json\/wp\/v2\/media\/5725"}],"wp:attachment":[{"href":"https:\/\/blogs2.correiobraziliense.com.br\/denise\/wp-json\/wp\/v2\/media?parent=5724"}],"wp:term":[{"taxonomy":"category","embeddable":true,"href":"https:\/\/blogs2.correiobraziliense.com.br\/denise\/wp-json\/wp\/v2\/categories?post=5724"},{"taxonomy":"post_tag","embeddable":true,"href":"https:\/\/blogs2.correiobraziliense.com.br\/denise\/wp-json\/wp\/v2\/tags?post=5724"}],"curies":[{"name":"wp","href":"https:\/\/api.w.org\/{rel}","templated":true}]}}