{"id":5730,"date":"2020-07-02T07:41:36","date_gmt":"2020-07-02T10:41:36","guid":{"rendered":"http:\/\/blogs.correiobraziliense.com.br\/denise\/?p=5730"},"modified":"2020-07-02T07:41:36","modified_gmt":"2020-07-02T10:41:36","slug":"bolsonaro-planeja-vetar-projeto-contra-as-fake-news","status":"publish","type":"post","link":"https:\/\/blogs2.correiobraziliense.com.br\/denise\/bolsonaro-planeja-vetar-projeto-contra-as-fake-news\/","title":{"rendered":"Bolsonaro planeja vetar projeto contra as fake news"},"content":{"rendered":"<h6><strong>Coluna Bras\u00edlia-DF<\/strong><\/h6>\n<p>O presidente permanece distante dos mais radicais, mas isso n\u00e3o significa que deixar\u00e1 de lado algumas bandeiras caras a esse grupo. Nesse sentido, j\u00e1 planeja inclusive veto ao texto das fake news aprovado no Senado, em tramita\u00e7\u00e3o na C\u00e2mara.<\/p>\n<h2>\n<strong>Tal e qual as redes<\/strong><\/h2>\n<p>Entre os aliados do presidente, prevalece a vis\u00e3o de que o projeto imp\u00f5e uma censura \u00e0s redes. Ali\u00e1s, <a href=\"http:\/\/blogs.correiobraziliense.com.br\/denise\/gilmar-mendes-levara-caso-flavio-bolsonaro-para-o-plenario-do-stf-em-agosto\/\">conforme antecipou a coluna ontem<\/a>, o DataSenado detectou que a palavra que mais sobressai nas redes sociais sobre o PL 2.630\/20, de combate \u00e0s fakes news, \u00e9 \u201ccensura\u201d. A pesquisa por telefone, por\u00e9m, mostrou um apoio majorit\u00e1rio \u00e0 proposta.<\/p>\n<p><strong>No embalo das redes\/<\/strong> Entre alguns senadores, pegou a onda criada nas redes contra o PL 2.630, de combate \u00e0s fake news. O senador M\u00e1rcio Bittar (MDB-AC), por exemplo, escreveu que \u00e9 contra \u201ca censura nas redes sociais\u201d. Do jeitinho que o DataSenado mostrou.<\/p>\n","protected":false},"excerpt":{"rendered":"<p>Coluna Bras\u00edlia-DF O presidente permanece distante dos mais radicais, mas isso n\u00e3o significa que deixar\u00e1 de lado algumas bandeiras caras a esse grupo. Nesse sentido, j\u00e1 planeja inclusive veto ao texto das fake news aprovado no Senado, em tramita\u00e7\u00e3o na C\u00e2mara. Tal e qual as redes Entre os aliados do presidente, prevalece a vis\u00e3o de [&hellip;]<\/p>\n","protected":false},"author":29,"featured_media":3649,"comment_status":"closed","ping_status":"closed","sticky":false,"template":"","format":"standard","meta":{"wpb_read_more":[],"footnotes":""},"categories":[4],"tags":[],"class_list":["post-5730","post","type-post","status-publish","format-standard","has-post-thumbnail","hentry","category-coluna-brasilia-df"],"_links":{"self":[{"href":"https:\/\/blogs2.correiobraziliense.com.br\/denise\/wp-json\/wp\/v2\/posts\/5730","targetHints":{"allow":["GET"]}}],"collection":[{"href":"https:\/\/blogs2.correiobraziliense.com.br\/denise\/wp-json\/wp\/v2\/posts"}],"about":[{"href":"https:\/\/blogs2.correiobraziliense.com.br\/denise\/wp-json\/wp\/v2\/types\/post"}],"author":[{"embeddable":true,"href":"https:\/\/blogs2.correiobraziliense.com.br\/denise\/wp-json\/wp\/v2\/users\/29"}],"replies":[{"embeddable":true,"href":"https:\/\/blogs2.correiobraziliense.com.br\/denise\/wp-json\/wp\/v2\/comments?post=5730"}],"version-history":[{"count":0,"href":"https:\/\/blogs2.correiobraziliense.com.br\/denise\/wp-json\/wp\/v2\/posts\/5730\/revisions"}],"wp:featuredmedia":[{"embeddable":true,"href":"https:\/\/blogs2.correiobraziliense.com.br\/denise\/wp-json\/wp\/v2\/media\/3649"}],"wp:attachment":[{"href":"https:\/\/blogs2.correiobraziliense.com.br\/denise\/wp-json\/wp\/v2\/media?parent=5730"}],"wp:term":[{"taxonomy":"category","embeddable":true,"href":"https:\/\/blogs2.correiobraziliense.com.br\/denise\/wp-json\/wp\/v2\/categories?post=5730"},{"taxonomy":"post_tag","embeddable":true,"href":"https:\/\/blogs2.correiobraziliense.com.br\/denise\/wp-json\/wp\/v2\/tags?post=5730"}],"curies":[{"name":"wp","href":"https:\/\/api.w.org\/{rel}","templated":true}]}}