{"id":5749,"date":"2020-07-03T13:46:30","date_gmt":"2020-07-03T16:46:30","guid":{"rendered":"http:\/\/blogs.correiobraziliense.com.br\/denise\/?p=5749"},"modified":"2020-07-03T13:46:30","modified_gmt":"2020-07-03T16:46:30","slug":"ao-contrario-do-senado-camara-nao-tem-a-menor-pressa-em-analisar-uma-lei-sobre-fake-news","status":"publish","type":"post","link":"https:\/\/blogs2.correiobraziliense.com.br\/denise\/ao-contrario-do-senado-camara-nao-tem-a-menor-pressa-em-analisar-uma-lei-sobre-fake-news\/","title":{"rendered":"Ao contr\u00e1rio do Senado, C\u00e2mara n\u00e3o tem a menor pressa em analisar uma lei sobre fake news"},"content":{"rendered":"<p>A prorroga\u00e7\u00e3o do inqu\u00e9rito das fake news, no Supremo Tribunal Federal, at\u00e9 janeiro de 2021, tem, entre seus objetivos, conter o uso indiscriminado desse golpe baixo ao longo do processo eleitoral deste ano. At\u00e9 aqui, a avalia\u00e7\u00e3o geral \u00e9 a de que as mentiras foram fartamente utilizadas na campanha de 2018 e agora, com o inqu\u00e9rito, muitos v\u00e3o pensar duas vezes antes de partir para esse tipo de ataque aos advers\u00e1rios.<\/p>\n<p>Paralelamente, na C\u00e2mara dos Deputados, n\u00e3o h\u00e1 a mesma pressa que houve no Senado para analisar uma lei a respeito. Entre os deputados, prevalece a ideia de que a opini\u00e3o n\u00e3o deve ser perseguida, nem tampouco \u00e9 pass\u00edvel de puni\u00e7\u00e3o. Por\u00e9m, montar uma rede para espalhar inverdades a respeito das pessoas, sim. \u00c9 nesse caminho que a C\u00e2mara pretende atuar para corrigir o curso do projeto das fake news, aprovado na semana passada pelo Senado. A avalia\u00e7\u00e3o de v\u00e1rios deputados \u00e9 a de que os senadores jogaram para a plateia e terminaram por ferir as liberdades individuais. Por isso, a ideia, agora, \u00e9 deixar o tema decantar, sem correria para vota\u00e7\u00e3o.<\/p>\n<h3>Base azeitada, mas\u2026<\/h3>\n<p>Os parlamentares foram avisados da libera\u00e7\u00e3o de R$ 13,8 bilh\u00f5es em recursos n\u00e3o s\u00f3 para o combate \u00e0 covid-19, como tamb\u00e9m outros benef\u00edcios aos munic\u00edpios. Entretanto, muitos est\u00e3o uma arara. Em Belo Horizonte, por exemplo, para onde foram R$ 24 milh\u00f5es, alguns anunciaram como se fosse tudo da sua lavra individual deixando outros a ver navios. O valor, por\u00e9m, \u00e9 a soma de v\u00e1rias emendas e tem gente querendo faturar sozinho. A confus\u00e3o j\u00e1 est\u00e1 criada.<\/p>\n<h3>Carona na PGR I<\/h3>\n<p>O ex-presidente Lula aproveita o embalo da disputa entre a Procuradoria-Geral da Rep\u00fablica (PGR) e a for\u00e7a-tarefa da Lava-Jato para chamar Deltan Dallagnol e, por tabela, o ex-juiz Sergio Moro, para a briga. \u201cO Dallagnol montou uma quadrilha com a For\u00e7a Tarefa da Lava-Jato e isso est\u00e1 ficando claro. Espero que, em algum momento, a Justi\u00e7a leia os autos do meu processo para esclarecer a farsa que promoveram para me tirar do processo eleitoral de 2018\u201d, escreveu Lula, referindo-se ao procurador, autor do famoso Powerpoint que colocava o petista como o chef\u00e3o de uma quadrilha.<\/p>\n<h3>Carona na PGR II<\/h3>\n<p>Lula sonha em voltar \u00e0s ruas e ser ovacionado em com\u00edcios no p\u00f3s-pandemia, sem ouvir acusa\u00e7\u00f5es. Apostar\u00e1 nesse discurso na campanha de 2020, embora n\u00e3o seja candidato. Quer, no m\u00ednimo, retomar o papel de l\u00edder m\u00e1ximo da oposi\u00e7\u00e3o, espa\u00e7o vago no Brasil.<\/p>\n<h3>Te conhe\u00e7o<\/h3>\n<p>Enquanto os petistas fazem subir a hashtag #LavaJatoTraiuAPatria, e tentam recuperar a imagem de seu maior l\u00edder, os outros partidos veem na estrat\u00e9gia mais um movimento para n\u00e3o ceder espa\u00e7o a outras legendas de esquerda, agora ou no futuro. A avalia\u00e7\u00e3o geral \u00e9 aquela feita pelo presidente do PDT, Carlos Luppi, no CB.Poder da \u00faltima ter\u00e7a-feira: em 2022, os partidos devem caminhar separados.<\/p>\n<h3>O que est\u00e1 em jogo<\/h3>\n<p>Paralelamente \u00e0 estrat\u00e9gia do PT, est\u00e1 a disputa todo um arsenal de informa\u00e7\u00f5es sobre anos de investiga\u00e7\u00f5es a fio. Inclusive com suspeitas de \u201ccamuflagem\u201d de nomes de autoridades, como revelado ontem pelo site Poder 360, sobre Rodrigo Maia e Davi Alcolumbre.<\/p>\n<figure id=\"attachment_5750\" aria-describedby=\"caption-attachment-5750\" style=\"width: 1200px\" class=\"wp-caption alignleft\"><a href=\"http:\/\/blogs.correiobraziliense.com.br\/denise\/wp-content\/uploads\/sites\/12\/2020\/07\/joao_roma.jpg\"><img loading=\"lazy\" decoding=\"async\" class=\"size-full wp-image-5750\" src=\"http:\/\/blogs.correiobraziliense.com.br\/denise\/wp-content\/uploads\/sites\/12\/2020\/07\/joao_roma.jpg\" alt=\"Deputado Jo\u00e3o Roma\" width=\"1200\" height=\"650\" srcset=\"https:\/\/blogs2.correiobraziliense.com.br\/denise\/wp-content\/uploads\/sites\/12\/2020\/07\/joao_roma.jpg 1200w, https:\/\/blogs2.correiobraziliense.com.br\/denise\/wp-content\/uploads\/sites\/12\/2020\/07\/joao_roma-300x163.jpg 300w, https:\/\/blogs2.correiobraziliense.com.br\/denise\/wp-content\/uploads\/sites\/12\/2020\/07\/joao_roma-768x416.jpg 768w, https:\/\/blogs2.correiobraziliense.com.br\/denise\/wp-content\/uploads\/sites\/12\/2020\/07\/joao_roma-1024x555.jpg 1024w, https:\/\/blogs2.correiobraziliense.com.br\/denise\/wp-content\/uploads\/sites\/12\/2020\/07\/joao_roma-550x298.jpg 550w, https:\/\/blogs2.correiobraziliense.com.br\/denise\/wp-content\/uploads\/sites\/12\/2020\/07\/joao_roma-230x125.jpg 230w\" sizes=\"auto, (max-width: 1200px) 100vw, 1200px\" \/><\/a><figcaption id=\"caption-attachment-5750\" class=\"wp-caption-text\">Cr\u00e9dito: Vinicius Cardoso Vieira\/Esp. CB\/D.A Press.<\/figcaption><\/figure>\n<p><strong>Se deu bem I\/<\/strong> Em tempos de pandemia, sem as grandes festas de Salvador para comemorar o 2 de Julho \u2013\u2013 dia da independ\u00eancia da Bahia \u2013\u2013, o deputado Jo\u00e3o Roma (Republicanos-BA, foto) aproveitou a exposi\u00e7\u00e3o da sess\u00e3o de promulga\u00e7\u00e3o da emenda que adiou as elei\u00e7\u00f5es deste ano para falar da data, cuja import\u00e2ncia hist\u00f3rica \u00e9 pouco difundida.<\/p>\n<p><strong>Se deu bem II\/<\/strong> Choveram mensagens, ontem, por causa de seu discurso. \u201cDois de julho de 1823 n\u00e3o \u00e9 a independ\u00eancia da Bahia, e sim a consolida\u00e7\u00e3o da independ\u00eancia do Brasil. Ningu\u00e9m est\u00e1 pedindo feriado, mas \u00e9 preciso enaltecer a import\u00e2ncia hist\u00f3rica\u201d, disse o deputado, referindo-se \u00e0 data em que as tropas portuguesas se renderam.<\/p>\n<p><strong>Enquanto isso, no Alvorada&#8230;\/<\/strong> A quantidade de pessoas sem m\u00e1scara, na live presidencial, chamou a aten\u00e7\u00e3o. E o clima de festa, diante de tantas trag\u00e9dias no pa\u00eds, idem. Primeiro, a sanfona comemorou a inaugura\u00e7\u00e3o do Eixo Norte da transposi\u00e7\u00e3o do S\u00e3o Francisco e, depois, o presidente Jair Bolsonaro mencionou que visitar\u00e1 as \u00e1reas devastadas pelo ciclone bomba no Sul do pa\u00eds.<\/p>\n<p><strong>\u2026 a live continua popular\/<\/strong> Tamb\u00e9m houve uma cobran\u00e7a aos governadores sobre a reabertura do com\u00e9rcio, \u201ccom responsabilidade\u201d, disse o presidente. Sinal de que o discurso contra o distanciamento social, de vez em quando, \u00e9 modulado. A popula\u00e7\u00e3o que assistia nas v\u00e1rias plataformas, quase 200 mil, agradece.<\/p>\n","protected":false},"excerpt":{"rendered":"<p>A prorroga\u00e7\u00e3o do inqu\u00e9rito das fake news, no Supremo Tribunal Federal, at\u00e9 janeiro de 2021, tem, entre seus objetivos, conter o uso indiscriminado desse golpe baixo ao longo do processo eleitoral deste ano<\/p>\n","protected":false},"author":29,"featured_media":5752,"comment_status":"closed","ping_status":"closed","sticky":false,"template":"","format":"standard","meta":{"wpb_read_more":[],"footnotes":""},"categories":[4],"tags":[28,39,147,338,90,40],"class_list":["post-5749","post","type-post","status-publish","format-standard","has-post-thumbnail","hentry","category-coluna-brasilia-df","tag-bolsonaro","tag-camara","tag-dallagnol","tag-fake-news","tag-lava-jato","tag-senado"],"_links":{"self":[{"href":"https:\/\/blogs2.correiobraziliense.com.br\/denise\/wp-json\/wp\/v2\/posts\/5749","targetHints":{"allow":["GET"]}}],"collection":[{"href":"https:\/\/blogs2.correiobraziliense.com.br\/denise\/wp-json\/wp\/v2\/posts"}],"about":[{"href":"https:\/\/blogs2.correiobraziliense.com.br\/denise\/wp-json\/wp\/v2\/types\/post"}],"author":[{"embeddable":true,"href":"https:\/\/blogs2.correiobraziliense.com.br\/denise\/wp-json\/wp\/v2\/users\/29"}],"replies":[{"embeddable":true,"href":"https:\/\/blogs2.correiobraziliense.com.br\/denise\/wp-json\/wp\/v2\/comments?post=5749"}],"version-history":[{"count":0,"href":"https:\/\/blogs2.correiobraziliense.com.br\/denise\/wp-json\/wp\/v2\/posts\/5749\/revisions"}],"wp:featuredmedia":[{"embeddable":true,"href":"https:\/\/blogs2.correiobraziliense.com.br\/denise\/wp-json\/wp\/v2\/media\/5752"}],"wp:attachment":[{"href":"https:\/\/blogs2.correiobraziliense.com.br\/denise\/wp-json\/wp\/v2\/media?parent=5749"}],"wp:term":[{"taxonomy":"category","embeddable":true,"href":"https:\/\/blogs2.correiobraziliense.com.br\/denise\/wp-json\/wp\/v2\/categories?post=5749"},{"taxonomy":"post_tag","embeddable":true,"href":"https:\/\/blogs2.correiobraziliense.com.br\/denise\/wp-json\/wp\/v2\/tags?post=5749"}],"curies":[{"name":"wp","href":"https:\/\/api.w.org\/{rel}","templated":true}]}}