{"id":5754,"date":"2020-07-04T08:55:49","date_gmt":"2020-07-04T11:55:49","guid":{"rendered":"http:\/\/blogs.correiobraziliense.com.br\/denise\/?p=5754"},"modified":"2020-07-05T02:33:30","modified_gmt":"2020-07-05T05:33:30","slug":"apos-operacao-contra-serra-ordem-no-psdb-e-blindar-os-tucanos","status":"publish","type":"post","link":"https:\/\/blogs2.correiobraziliense.com.br\/denise\/apos-operacao-contra-serra-ordem-no-psdb-e-blindar-os-tucanos\/","title":{"rendered":"Ap\u00f3s opera\u00e7\u00e3o contra Serra, ordem no PSDB \u00e9 blindar os tucanos"},"content":{"rendered":"<h5><strong>Coluna Bras\u00edlia-DF<\/strong><\/h5>\n<p>O PSDB avalia, internamente, a a\u00e7\u00e3o da Pol\u00edcia Federal que atingiu o senador Jos\u00e9 Serra (SP) como um ponto fora da curva e relacionada \u00e0 \u201cvelha guarda\u201d do partido. Nada a ver com a nova gera\u00e7\u00e3o que, hoje, representa uma promessa dentro da legenda. Por\u00e9m, \u00e9 a primeira grande opera\u00e7\u00e3o sobre o bra\u00e7o pol\u00edtico do PSDB de S\u00e3o Paulo, e h\u00e1 quem diga que outras vir\u00e3o.<\/p>\n<p>Nesse sentido, a ordem \u00e9 tratar de blindar os tucanos que, agora, chegam \u00e0 ribalta. A tens\u00e3o, que fazia parte da agenda dos pol\u00edticos do Rio de Janeiro, por exemplo, agora se instala entre os paulistas.<\/p>\n<p>Em tempo: a inten\u00e7\u00e3o de parte dos tucanos, de debitar o desgaste na \u201cvelha guarda\u201d e na briga interna do Minist\u00e9rio P\u00fablico, n\u00e3o vai vingar. Jos\u00e9 Serra \u00e9 um dos principais quadros de gest\u00e3o do PSDB, recebeu todo o apoio do partido at\u00e9 aqui e n\u00e3o deve ser atirado ao mar.<\/p>\n<p>Da mesma forma, a briga entre a for\u00e7a-tarefa da Lava-Jato e a c\u00fapula da Procuradoria-Geral da Rep\u00fablica n\u00e3o visa deixar de lado as investiga\u00e7\u00f5es em curso. Portanto, h\u00e1 quem diga que \u00e9 melhor o partido se preparar para administrar esses desgaste \u00e0 porta das elei\u00e7\u00f5es municipais.<\/p>\n<h2><strong>Pano de fundo&#8230;<\/strong><\/h2>\n<p>A dificuldade do presidente Jair Bolsonaro em encontrar um ministro da Educa\u00e7\u00e3o abriu uma guerra entre seus apoiadores. Os militares procuram convencer o chefe do Executivo a escolher um nome que d\u00ea tranquilidade a um setor e fa\u00e7a funcionar. Em plena pandemia, a Educa\u00e7\u00e3o vive um momento de cada um por si, sem coordena\u00e7\u00e3o.<\/p>\n<h2><strong>\u2026 sem solu\u00e7\u00e3o<\/strong><\/h2>\n<p>O bolsonarismo mais radical p\u00f5e o p\u00e9 na porta e pede um ministro conservador. At\u00e9 o deputado S\u00f3stenes Cavalcante (DEM-RJ) deu palpite. Embora diga que a decis\u00e3o \u00e9 exclusiva do presidente, refor\u00e7a em suas redes sociais que o \u201cescolhido s\u00f3 n\u00e3o deve ser um ideologicamente neutro, tem que ser um conservador de raiz\u201d. Enquanto isso, os mais radicais xingam at\u00e9 os ministros militares. Essa briga vai at\u00e9 o fim do governo.<\/p>\n<blockquote><p><em>&#8220;N\u00f3s, o Brasil, pelos equ\u00edvocos, principalmente, do presidente da Rep\u00fablica e de v\u00e1rios governadores, perdemos a guerra para a covid-19\u201d<\/em><\/p><\/blockquote>\n<p style=\"text-align: right;\"><strong>Do deputado J\u00falio Delgado (PSB-MG)<\/strong><\/p>\n<p><strong>Gesto pol\u00edtico I<\/strong><\/p>\n<p>O veto do presidente Jair Bolsonaro ao uso de m\u00e1scaras em templos e no com\u00e9rcio n\u00e3o ter\u00e1 efeito, porque a legisla\u00e7\u00e3o est\u00e1 nas m\u00e3os dos governadores e prefeitos. Bolsonaro j\u00e1 sabia disso, mas quer manter o seu discurso de n\u00e3o usar o acess\u00f3rio e tamb\u00e9m fazer um gesto aos pastores.<\/p>\n<p><strong>Gesto pol\u00edtico II<\/strong><\/p>\n<p>Al\u00e9m de mudar o nome do Bolsa Fam\u00edlia para Renda Brasil, o governo quer dar uma incrementada no pagamento, para marcar essa transforma\u00e7\u00e3o. O novo benef\u00edcio social deve ficar em R$ 100. A aposta dos pol\u00edticos \u00e9 de que continuar\u00e1 conhecido no futuro como o \u201cdinheiro do Bolsonaro\u201d.<\/p>\n<p><strong>Fl\u00e1vio no ataque&#8230;\/<\/strong> O senador Fl\u00e1vio Bolsonaro partiu para cima de seu suplente no Senado, Paulo Marinho. Sacou perguntas e express\u00f5es do tipo \u201ch\u00e1 tiazinha de pul\u00f4ver\u201d que quer ser \u201csenador no tapet\u00e3o?\u201d E que \u201ctem im\u00f3vel em nome de laranja e paga aluguel para ele mesmo?\u201d, escreveu Fl\u00e1vio em seu Twitter.<\/p>\n<p><strong>\u2026 para desespero da fam\u00edlia\/<\/strong> H\u00e1 quem jure que o presidente Jair Bolsonaro n\u00e3o gostou dos ataques de 01 a Marinho. O momento \u00e9 de tentar manter a calma e apresentar o servi\u00e7o do governo, e n\u00e3o de buscar confus\u00e3o nas redes sociais.<\/p>\n<p><strong>Vergonha nacional\/<\/strong> As imagens do \u201cliberou geral\u201d nos bares do Leblon, no Rio de Janeiro, expuseram as diferen\u00e7as sociais: gar\u00e7ons de m\u00e1scara, e os jovens de classe m\u00e9dia alta sem qualquer cuidado, filhos do triste \u201cmundinho\u201d carioca, que se acha acima do bem e do mal.<\/p>\n<p><strong>Vida nova\/<\/strong> Enquanto essa parte da elite carioca se aglomera sem m\u00e1scara nos bares do Leblon, uma outra parte deixou a cidade. Uma ch\u00e1cara de org\u00e2nicos que, em mar\u00e7o, comercializava 30 cestas de hortali\u00e7as por semana, agora vende 400. Muitos planejam ficar por l\u00e1, distantes das aglomera\u00e7\u00f5es.<\/p>\n","protected":false},"excerpt":{"rendered":"<p>Coluna Bras\u00edlia-DF O PSDB avalia, internamente, a a\u00e7\u00e3o da Pol\u00edcia Federal que atingiu o senador Jos\u00e9 Serra (SP) como um ponto fora da curva e relacionada \u00e0 \u201cvelha guarda\u201d do partido. Nada a ver com a nova gera\u00e7\u00e3o que, hoje, representa uma promessa dentro da legenda. Por\u00e9m, \u00e9 a primeira grande opera\u00e7\u00e3o sobre o bra\u00e7o [&hellip;]<\/p>\n","protected":false},"author":29,"featured_media":5757,"comment_status":"closed","ping_status":"closed","sticky":false,"template":"","format":"standard","meta":{"wpb_read_more":[],"footnotes":""},"categories":[4],"tags":[364,84],"class_list":["post-5754","post","type-post","status-publish","format-standard","has-post-thumbnail","hentry","category-coluna-brasilia-df","tag-jose-serra","tag-psdb"],"_links":{"self":[{"href":"https:\/\/blogs2.correiobraziliense.com.br\/denise\/wp-json\/wp\/v2\/posts\/5754","targetHints":{"allow":["GET"]}}],"collection":[{"href":"https:\/\/blogs2.correiobraziliense.com.br\/denise\/wp-json\/wp\/v2\/posts"}],"about":[{"href":"https:\/\/blogs2.correiobraziliense.com.br\/denise\/wp-json\/wp\/v2\/types\/post"}],"author":[{"embeddable":true,"href":"https:\/\/blogs2.correiobraziliense.com.br\/denise\/wp-json\/wp\/v2\/users\/29"}],"replies":[{"embeddable":true,"href":"https:\/\/blogs2.correiobraziliense.com.br\/denise\/wp-json\/wp\/v2\/comments?post=5754"}],"version-history":[{"count":1,"href":"https:\/\/blogs2.correiobraziliense.com.br\/denise\/wp-json\/wp\/v2\/posts\/5754\/revisions"}],"predecessor-version":[{"id":5775,"href":"https:\/\/blogs2.correiobraziliense.com.br\/denise\/wp-json\/wp\/v2\/posts\/5754\/revisions\/5775"}],"wp:featuredmedia":[{"embeddable":true,"href":"https:\/\/blogs2.correiobraziliense.com.br\/denise\/wp-json\/wp\/v2\/media\/5757"}],"wp:attachment":[{"href":"https:\/\/blogs2.correiobraziliense.com.br\/denise\/wp-json\/wp\/v2\/media?parent=5754"}],"wp:term":[{"taxonomy":"category","embeddable":true,"href":"https:\/\/blogs2.correiobraziliense.com.br\/denise\/wp-json\/wp\/v2\/categories?post=5754"},{"taxonomy":"post_tag","embeddable":true,"href":"https:\/\/blogs2.correiobraziliense.com.br\/denise\/wp-json\/wp\/v2\/tags?post=5754"}],"curies":[{"name":"wp","href":"https:\/\/api.w.org\/{rel}","templated":true}]}}