{"id":5758,"date":"2020-07-05T09:43:24","date_gmt":"2020-07-05T12:43:24","guid":{"rendered":"http:\/\/blogs.correiobraziliense.com.br\/denise\/?p=5758"},"modified":"2020-07-05T09:43:24","modified_gmt":"2020-07-05T12:43:24","slug":"brasileiros-estao-cada-vez-mais-preocupados-com-a-saude-e-vao-cobrar-seguranca","status":"publish","type":"post","link":"https:\/\/blogs2.correiobraziliense.com.br\/denise\/brasileiros-estao-cada-vez-mais-preocupados-com-a-saude-e-vao-cobrar-seguranca\/","title":{"rendered":"Brasileiros est\u00e3o cada vez mais preocupados com a sa\u00fade e v\u00e3o cobrar seguran\u00e7a"},"content":{"rendered":"<h6><strong>Coluna Bras\u00edlia-DF<\/strong><\/h6>\n<p>Com a reabertura de com\u00e9rcios e servi\u00e7os em quase todo o pa\u00eds, \u00e9 bom os governantes e donos de estabelecimentos ficarem atentos, porque muita gente n\u00e3o pensa como aqueles que lotaram bares do Leblon. No per\u00edodo pr\u00e9-pandemia, 23% j\u00e1 haviam buscado alguma vez informa\u00e7\u00f5es sobre desinfec\u00e7\u00e3o antes de entrar num shopping, loja, restaurante, bar ou lanchonete, e 77% jamais haviam se preocupado com isso. Agora, 87% se mostram interessados nesse quesito, considerando os que, certamente, buscar\u00e3o informa\u00e7\u00f5es (55%) e aqueles que, provavelmente, buscar\u00e3o (32%). Os dados s\u00e3o de uma pesquisa nacional do Instituto Locomotiva, em parceria com o grupo Onet, a qual a coluna teve acesso com exclusividade.<\/p>\n<p>A pesquisa ouviu 2.157 pessoas no final de maio. A Onet, do ramo de limpeza, quis saber por \u00e1rea de servi\u00e7o qual a que o cidad\u00e3o prestar\u00e1 mais aten\u00e7\u00e3o em rela\u00e7\u00e3o \u00e0 desinfec\u00e7\u00e3o. Os restaurantes, os bares e as lanchonetes encabe\u00e7am a lista: 96% dos entrevistados dizem que essa medida \u00e9 importante para se sentirem seguros e 86% dizem que ficar\u00e3o mais atentos a esse quesito na hora de escolher qual frequentar. Quem quiser sobreviver nesse mercado, \u00e9 bom estar atento a esses n\u00fameros (leia mais detalhes da pesquisa nas notas abaixo).<\/p>\n<h2>\n<strong>Preocupa\u00e7\u00e3o geral<\/strong><\/h2>\n<p>O fato de as pessoas estarem saindo mais de casa n\u00e3o significa que n\u00e3o se preocupem com o v\u00edrus. Em todas as \u00e1reas, a desinfec\u00e7\u00e3o \u00e9 considerada uma medida importante para que se sintam seguras \u2013\u2013 acima de 90%. Quanto a prestar aten\u00e7\u00e3o nesse ponto daqui para frente, a coisa muda um pouco. Em rela\u00e7\u00e3o a supermercados, 85% se dizem mais atentos \u00e0 desinfec\u00e7\u00e3o e limpeza. No transporte p\u00fablico, carros de aplicativos, t\u00e1xis, aeroportos e avi\u00f5es, o percentual de aten\u00e7\u00e3o varia de 81% (transporte p\u00fablico) e 79% (aeroportos e avi\u00f5es).<\/p>\n<h2>\n<strong>Volta \u00e0s aulas<\/strong><\/h2>\n<p>Quanto \u00e0s escolas e universidades, 77% dizem que ter\u00e3o aten\u00e7\u00e3o quanto \u00e0 desinfec\u00e7\u00e3o \u2013\u2013 o mesmo vale para clubes. Quanto aos shoppings, 76% dizem prestar mais aten\u00e7\u00e3o e, nos condom\u00ednios, 74%, o mesmo percentual em rela\u00e7\u00e3o a locais abertos, como os parques.<\/p>\n<h2>\n<strong>Quem quer dinheir\u00f4\u00f4\u00f4<\/strong><\/h2>\n<p>A libera\u00e7\u00e3o dos R$ 13,8 bilh\u00f5es para medidas de combate \u00e0 covid-19 ainda dar\u00e1 muita dor de cabe\u00e7a ao governo. A rela\u00e7\u00e3o de munic\u00edpios contemplados entregue aos parlamentares tem provocado muitas d\u00favidas sobre os crit\u00e9rios. Palmas (TO), por exemplo, n\u00e3o tem recursos listados para a gest\u00e3o municipal. Joinville, em Santa Catarina, tem R$ 34,9 milh\u00f5es, enquanto Vit\u00f3ria, capital do Esp\u00edrito Santo, receber\u00e1 R$ 8 milh\u00f5es, o mesmo valor destinado a Petrolina (PE). Caxias, no interior do Maranh\u00e3o, receber\u00e1 R$ 20,4 milh\u00f5es.<\/p>\n<h2>\n<strong>Explica a\u00ed, Pazuello<\/strong><\/h2>\n<p>O ministro da Sa\u00fade, Eduardo Pazuello, dever\u00e1 ser chamado a explicar as libera\u00e7\u00f5es. Na portaria, o governo informa que atendeu aos crit\u00e9rios populacionais do IBGE para o Tribunal de Contas da Uni\u00e3o (TCU) em 2019, valores de produ\u00e7\u00e3o de m\u00e9dia e alta complexidade registrados nos sistemas de informa\u00e7\u00e3o ambulatorial e hospitalar e valores transferidos dentro do Piso de Aten\u00e7\u00e3o B\u00e1sica (PAB), em 2019.<\/p>\n<p><strong>Medalha com m\u00e1scara\/<\/strong> O embaixador de Israel, Yossi Shelley, entrega a medalha de Jerusal\u00e9m para o ministro do Supremo Tribunal Federal e o presidente do Tribunal Superior Eleitoral (TSE), Lu\u00eds Roberto Barroso, na Embaixada de Israel em<br \/>\nBras\u00edlia.<\/p>\n<p><strong>Vai virar meme\/<\/strong> Abraham Weintraub desejou boa sorte a Renato Feder como ministro da Educa\u00e7\u00e3o. Fez o mesmo com Carlos Decotelli, aquele que foi sem nunca ter sido. N\u00e3o por acaso, j\u00e1 tem gente comparando Weintraub ao cantor Mick Jagger, l\u00edder dos Rolling Stones, visto como p\u00e9 frio pelos brasileiros amantes do futebol.<\/p>\n<p><strong>Por falar no novo ministro&#8230;\/<\/strong> A demora do presidente em confirmar o novo ministro da Educa\u00e7\u00e3o escancarou as dificuldades em encontrar um nome sem melindrar os grupos radicais e muito menos se render a eles. Renato Feder est\u00e1 sendo, inclusive, aconselhado a n\u00e3o aceitar, a fim de n\u00e3o se expor \u00e0 persegui\u00e7\u00e3o por parte dos radicais do bolsonarismo.<\/p>\n<p><strong>Pausa\/<\/strong> Saio por duas semanas de f\u00e9rias para tentar recarregar as energias. Se puder, #Fiqueemcasa e, ao sair, #usem\u00e1scara.<\/p>\n","protected":false},"excerpt":{"rendered":"<p>Coluna Bras\u00edlia-DF Com a reabertura de com\u00e9rcios e servi\u00e7os em quase todo o pa\u00eds, \u00e9 bom os governantes e donos de estabelecimentos ficarem atentos, porque muita gente n\u00e3o pensa como aqueles que lotaram bares do Leblon. No per\u00edodo pr\u00e9-pandemia, 23% j\u00e1 haviam buscado alguma vez informa\u00e7\u00f5es sobre desinfec\u00e7\u00e3o antes de entrar num shopping, loja, restaurante, [&hellip;]<\/p>\n","protected":false},"author":29,"featured_media":5759,"comment_status":"closed","ping_status":"closed","sticky":false,"template":"","format":"standard","meta":{"wpb_read_more":[],"footnotes":""},"categories":[4],"tags":[365,366],"class_list":["post-5758","post","type-post","status-publish","format-standard","has-post-thumbnail","hentry","category-coluna-brasilia-df","tag-saude","tag-seguranca"],"_links":{"self":[{"href":"https:\/\/blogs2.correiobraziliense.com.br\/denise\/wp-json\/wp\/v2\/posts\/5758","targetHints":{"allow":["GET"]}}],"collection":[{"href":"https:\/\/blogs2.correiobraziliense.com.br\/denise\/wp-json\/wp\/v2\/posts"}],"about":[{"href":"https:\/\/blogs2.correiobraziliense.com.br\/denise\/wp-json\/wp\/v2\/types\/post"}],"author":[{"embeddable":true,"href":"https:\/\/blogs2.correiobraziliense.com.br\/denise\/wp-json\/wp\/v2\/users\/29"}],"replies":[{"embeddable":true,"href":"https:\/\/blogs2.correiobraziliense.com.br\/denise\/wp-json\/wp\/v2\/comments?post=5758"}],"version-history":[{"count":0,"href":"https:\/\/blogs2.correiobraziliense.com.br\/denise\/wp-json\/wp\/v2\/posts\/5758\/revisions"}],"wp:featuredmedia":[{"embeddable":true,"href":"https:\/\/blogs2.correiobraziliense.com.br\/denise\/wp-json\/wp\/v2\/media\/5759"}],"wp:attachment":[{"href":"https:\/\/blogs2.correiobraziliense.com.br\/denise\/wp-json\/wp\/v2\/media?parent=5758"}],"wp:term":[{"taxonomy":"category","embeddable":true,"href":"https:\/\/blogs2.correiobraziliense.com.br\/denise\/wp-json\/wp\/v2\/categories?post=5758"},{"taxonomy":"post_tag","embeddable":true,"href":"https:\/\/blogs2.correiobraziliense.com.br\/denise\/wp-json\/wp\/v2\/tags?post=5758"}],"curies":[{"name":"wp","href":"https:\/\/api.w.org\/{rel}","templated":true}]}}